{"id":129674,"date":"2014-09-23T06:54:24","date_gmt":"2014-09-23T06:54:24","guid":{"rendered":"http:\/\/www.fuldaer-nachrichten.de\/?p=129674"},"modified":"2014-09-23T06:54:24","modified_gmt":"2014-09-23T06:54:24","slug":"kleider-und-spielzeugbasar-des-elternbeirates-der-kita-fantasia-harmerz","status":"publish","type":"post","link":"https:\/\/www.fuldaernachrichten.de\/?p=129674","title":{"rendered":"Kleider- und Spielzeugbasar des Elternbeirates der Kita Fantasia Harmerz"},"content":{"rendered":"<p>Fulda. Der Elternbeirat der Kita Fantasia Harmerz veranstaltet am<br \/>\nSamstag, 27. September 2014, von 10 bis 12 Uhr einen Kleider- und Spielzeugbasar im Vereinszentrum Johannesberg. Verkauft werden Baby- und Kinderbekleidung, Spielsachen, Baby- und Kleinkinderzubeh\u00f6r, Umstandskleidung, B\u00fccher und Tontr\u00e4ger. Au\u00dferdem werden Kaffee und Kuchen f\u00fcr zwischendurch oder auch zum Mitnehmen verkauft. Annahme ist am Freitag, 26. September 2014, von 15 bis 17 Uhr im Vereinszentrum. R\u00fcckgabe am Samstag, 27. September 2014, von 16 bis 17 Uhr. 15 Prozent des Erl\u00f6ses kommen der Kita Fantasia zugute. Verkaufsnummern und weitere Informationen sind unter Telefon 0661 4800231 erh\u00e4ltlich.<\/p>\n","protected":false},"excerpt":{"rendered":"<div class=\"tmnf_excerpt\"><p>Fulda. Der Elternbeirat der Kita Fantasia Harmerz veranstaltet am Samstag, 27. September 2014, von 10 bis 12 Uhr einen Kleider- und Spielzeugbasar im Vereinszentrum Johannesberg. Verkauft werden Baby- und Kinderbekleidung, Spielsachen, Baby- und Kleinkinderzubeh\u00f6r, Umstandskleidung, B\u00fccher und Tontr\u00e4ger. Au\u00dferdem werden Kaffee und Kuchen f\u00fcr zwischendurch oder auch zum Mitnehmen verkauft. Annahme ist am Freitag, 26. &hellip;<\/p>\n<\/div>","protected":false},"author":1,"featured_media":0,"comment_status":"closed","ping_status":"closed","sticky":false,"template":"","format":"standard","meta":{"footnotes":""},"categories":[1,72],"tags":[],"class_list":["post-129674","post","type-post","status-publish","format-standard","hentry","category-startseite","category-jugend"],"_links":{"self":[{"href":"https:\/\/www.fuldaernachrichten.de\/index.php?rest_route=\/wp\/v2\/posts\/129674","targetHints":{"allow":["GET"]}}],"collection":[{"href":"https:\/\/www.fuldaernachrichten.de\/index.php?rest_route=\/wp\/v2\/posts"}],"about":[{"href":"https:\/\/www.fuldaernachrichten.de\/index.php?rest_route=\/wp\/v2\/types\/post"}],"author":[{"embeddable":true,"href":"https:\/\/www.fuldaernachrichten.de\/index.php?rest_route=\/wp\/v2\/users\/1"}],"replies":[{"embeddable":true,"href":"https:\/\/www.fuldaernachrichten.de\/index.php?rest_route=%2Fwp%2Fv2%2Fcomments&post=129674"}],"version-history":[{"count":1,"href":"https:\/\/www.fuldaernachrichten.de\/index.php?rest_route=\/wp\/v2\/posts\/129674\/revisions"}],"predecessor-version":[{"id":129675,"href":"https:\/\/www.fuldaernachrichten.de\/index.php?rest_route=\/wp\/v2\/posts\/129674\/revisions\/129675"}],"wp:attachment":[{"href":"https:\/\/www.fuldaernachrichten.de\/index.php?rest_route=%2Fwp%2Fv2%2Fmedia&parent=129674"}],"wp:term":[{"taxonomy":"category","embeddable":true,"href":"https:\/\/www.fuldaernachrichten.de\/index.php?rest_route=%2Fwp%2Fv2%2Fcategories&post=129674"},{"taxonomy":"post_tag","embeddable":true,"href":"https:\/\/www.fuldaernachrichten.de\/index.php?rest_route=%2Fwp%2Fv2%2Ftags&post=129674"}],"curies":[{"name":"wp","href":"https:\/\/api.w.org\/{rel}","templated":true}]}}