{"id":129668,"date":"2014-09-23T06:50:32","date_gmt":"2014-09-23T06:50:32","guid":{"rendered":"http:\/\/www.fuldaer-nachrichten.de\/?p=129668"},"modified":"2014-09-23T06:50:32","modified_gmt":"2014-09-23T06:50:32","slug":"maler-treff-im-vonderau-museum-2","status":"publish","type":"post","link":"https:\/\/www.fuldaernachrichten.de\/?p=129668","title":{"rendered":"Maler-Treff im Vonderau Museum"},"content":{"rendered":"<p><a href=\"http:\/\/www.fuldaer-nachrichten.de\/wp-content\/uploads\/2014\/09\/Malertreff-im-VM-im-September-2014-1.jpg\"><img fetchpriority=\"high\" decoding=\"async\" class=\"alignleft size-thumbnail wp-image-129669\" src=\"http:\/\/www.fuldaer-nachrichten.de\/wp-content\/uploads\/2014\/09\/Malertreff-im-VM-im-September-2014-1-265x208.jpg\" alt=\"Malertreff im VM im September 2014 (1)\" width=\"265\" height=\"208\" srcset=\"https:\/\/www.fuldaernachrichten.de\/wp-content\/uploads\/2014\/09\/Malertreff-im-VM-im-September-2014-1-265x208.jpg 265w, https:\/\/www.fuldaernachrichten.de\/wp-content\/uploads\/2014\/09\/Malertreff-im-VM-im-September-2014-1.jpg 600w\" sizes=\"(max-width: 265px) 100vw, 265px\" \/><\/a>Fulda.\u00c2\u00a0 Beim Maler-Treff im Vonderau Museum k\u00f6nnen Hobbymalerinnen und -maler in lockerer Atmosph\u00e4re Tipps vom Profi bekommen und gleich ausprobieren. Sie k\u00f6nnen sich mit Gleichgesinnten austauschen, eigene Ideen verwirklichen und nach Herzenslust kreativ sein. Im Malstudio des Vonderau Museums steht alles zur Verf\u00fcgung, was Malerherzen w\u00fcnschen. Inspiration und Kunstgenuss bietet vorab eine exklusive Stippvisite unter der Leitung der Museumsp\u00e4dagogin Kornelia Wagner und K\u00fcnstlerin Verena K\u00fchnlein in die neu gestaltete \u201eMalerei\u201c-Dauerausstellung mit Bilderschau und spannenden K\u00fcnstlergeschichten.<!--more--><\/p>\n<p>Der n\u00e4chste Maler-Treff findet am Donnerstag, 25. September 2014, von 17 bis 19.30 Uhr, im Malstudio des Vonderau Museums statt. Die Geb\u00fchren betragen 25 Euro inklusive Malutensilien und Acryl-Malkarton. Anmeldung bis Mittwoch, 24. September, unter Telefon 0661 102-3218 oder 0667 4800178.<\/p>\n","protected":false},"excerpt":{"rendered":"<div class=\"tmnf_excerpt\"><p>Fulda.\u00c2\u00a0 Beim Maler-Treff im Vonderau Museum k\u00f6nnen Hobbymalerinnen und -maler in lockerer Atmosph\u00e4re Tipps vom Profi bekommen und gleich ausprobieren. Sie k\u00f6nnen sich mit Gleichgesinnten austauschen, eigene Ideen verwirklichen und nach Herzenslust kreativ sein. Im Malstudio des Vonderau Museums steht alles zur Verf\u00fcgung, was Malerherzen w\u00fcnschen. Inspiration und Kunstgenuss bietet vorab eine exklusive Stippvisite unter &hellip;<\/p>\n<\/div>","protected":false},"author":1,"featured_media":0,"comment_status":"closed","ping_status":"closed","sticky":false,"template":"","format":"standard","meta":{"footnotes":""},"categories":[1,44],"tags":[],"class_list":["post-129668","post","type-post","status-publish","format-standard","hentry","category-startseite","category-kultur"],"_links":{"self":[{"href":"https:\/\/www.fuldaernachrichten.de\/index.php?rest_route=\/wp\/v2\/posts\/129668","targetHints":{"allow":["GET"]}}],"collection":[{"href":"https:\/\/www.fuldaernachrichten.de\/index.php?rest_route=\/wp\/v2\/posts"}],"about":[{"href":"https:\/\/www.fuldaernachrichten.de\/index.php?rest_route=\/wp\/v2\/types\/post"}],"author":[{"embeddable":true,"href":"https:\/\/www.fuldaernachrichten.de\/index.php?rest_route=\/wp\/v2\/users\/1"}],"replies":[{"embeddable":true,"href":"https:\/\/www.fuldaernachrichten.de\/index.php?rest_route=%2Fwp%2Fv2%2Fcomments&post=129668"}],"version-history":[{"count":1,"href":"https:\/\/www.fuldaernachrichten.de\/index.php?rest_route=\/wp\/v2\/posts\/129668\/revisions"}],"predecessor-version":[{"id":129670,"href":"https:\/\/www.fuldaernachrichten.de\/index.php?rest_route=\/wp\/v2\/posts\/129668\/revisions\/129670"}],"wp:attachment":[{"href":"https:\/\/www.fuldaernachrichten.de\/index.php?rest_route=%2Fwp%2Fv2%2Fmedia&parent=129668"}],"wp:term":[{"taxonomy":"category","embeddable":true,"href":"https:\/\/www.fuldaernachrichten.de\/index.php?rest_route=%2Fwp%2Fv2%2Fcategories&post=129668"},{"taxonomy":"post_tag","embeddable":true,"href":"https:\/\/www.fuldaernachrichten.de\/index.php?rest_route=%2Fwp%2Fv2%2Ftags&post=129668"}],"curies":[{"name":"wp","href":"https:\/\/api.w.org\/{rel}","templated":true}]}}