{"id":129664,"date":"2014-09-23T06:48:20","date_gmt":"2014-09-23T06:48:20","guid":{"rendered":"http:\/\/www.fuldaer-nachrichten.de\/?p=129664"},"modified":"2014-09-23T06:48:20","modified_gmt":"2014-09-23T06:48:20","slug":"mit-dem-jugendbildungswerk-in-herbstferien-unterwegs","status":"publish","type":"post","link":"https:\/\/www.fuldaernachrichten.de\/?p=129664","title":{"rendered":"Mit dem Jugendbildungswerk in Herbstferien unterwegs"},"content":{"rendered":"<p>Fulda\/Berlin\/Frankfurt. Das Jugendbildungswerk des Landkreises Fulda f\u00fchrt in den Herbstferien vom 17. bis 20 Oktober eine Fahrt nach Berlin und am 21. Oktober eine Medientour nach Frankfurt durch. F\u00fcr beide Veranstaltungen sind noch Pl\u00e4tze frei. Die Berlinfahrt f\u00fcr Jugendlich von 15 bis 19 Jahren kostet einschlie\u00dflich Fahrtkosten, Unterkunft mit Fr\u00fchst\u00fcck und Imbiss sowie Eintrittsgelder 135 Euro. Die Teilnahmegeb\u00fchr f\u00fcr die Medientour durch Frankfurt f\u00fcr Jugendliche von 12 bis 16 Jahren bel\u00e4uft sich auf 12 Euro. Info und Anmeldung unter Telefon (0661)6006-498 oder -427, E-Mail <a href=\"mailto:jugend@landkreis-fulda.de\">jugend@landkreis-fulda.de<\/a><\/p>\n","protected":false},"excerpt":{"rendered":"<div class=\"tmnf_excerpt\"><p>Fulda\/Berlin\/Frankfurt. Das Jugendbildungswerk des Landkreises Fulda f\u00fchrt in den Herbstferien vom 17. bis 20 Oktober eine Fahrt nach Berlin und am 21. Oktober eine Medientour nach Frankfurt durch. F\u00fcr beide Veranstaltungen sind noch Pl\u00e4tze frei. Die Berlinfahrt f\u00fcr Jugendlich von 15 bis 19 Jahren kostet einschlie\u00dflich Fahrtkosten, Unterkunft mit Fr\u00fchst\u00fcck und Imbiss sowie Eintrittsgelder 135 &hellip;<\/p>\n<\/div>","protected":false},"author":1,"featured_media":0,"comment_status":"closed","ping_status":"closed","sticky":false,"template":"","format":"standard","meta":{"footnotes":""},"categories":[1,72],"tags":[],"class_list":["post-129664","post","type-post","status-publish","format-standard","hentry","category-startseite","category-jugend"],"_links":{"self":[{"href":"https:\/\/www.fuldaernachrichten.de\/index.php?rest_route=\/wp\/v2\/posts\/129664","targetHints":{"allow":["GET"]}}],"collection":[{"href":"https:\/\/www.fuldaernachrichten.de\/index.php?rest_route=\/wp\/v2\/posts"}],"about":[{"href":"https:\/\/www.fuldaernachrichten.de\/index.php?rest_route=\/wp\/v2\/types\/post"}],"author":[{"embeddable":true,"href":"https:\/\/www.fuldaernachrichten.de\/index.php?rest_route=\/wp\/v2\/users\/1"}],"replies":[{"embeddable":true,"href":"https:\/\/www.fuldaernachrichten.de\/index.php?rest_route=%2Fwp%2Fv2%2Fcomments&post=129664"}],"version-history":[{"count":1,"href":"https:\/\/www.fuldaernachrichten.de\/index.php?rest_route=\/wp\/v2\/posts\/129664\/revisions"}],"predecessor-version":[{"id":129665,"href":"https:\/\/www.fuldaernachrichten.de\/index.php?rest_route=\/wp\/v2\/posts\/129664\/revisions\/129665"}],"wp:attachment":[{"href":"https:\/\/www.fuldaernachrichten.de\/index.php?rest_route=%2Fwp%2Fv2%2Fmedia&parent=129664"}],"wp:term":[{"taxonomy":"category","embeddable":true,"href":"https:\/\/www.fuldaernachrichten.de\/index.php?rest_route=%2Fwp%2Fv2%2Fcategories&post=129664"},{"taxonomy":"post_tag","embeddable":true,"href":"https:\/\/www.fuldaernachrichten.de\/index.php?rest_route=%2Fwp%2Fv2%2Ftags&post=129664"}],"curies":[{"name":"wp","href":"https:\/\/api.w.org\/{rel}","templated":true}]}}