{"id":129659,"date":"2014-09-23T06:46:55","date_gmt":"2014-09-23T06:46:55","guid":{"rendered":"http:\/\/www.fuldaer-nachrichten.de\/?p=129659"},"modified":"2014-09-23T06:46:55","modified_gmt":"2014-09-23T06:46:55","slug":"springreiterin-kristina-bauch-aus-eichenzell-wurde-neue-nordhessenmeisterin-2014-bei-den-jungen-reitern","status":"publish","type":"post","link":"https:\/\/www.fuldaernachrichten.de\/?p=129659","title":{"rendered":"Springreiterin Kristina Bauch aus Eichenzell wurde neue Nordhessenmeisterin 2014 bei den Jungen Reitern"},"content":{"rendered":"<div id=\"attachment_129660\" style=\"width: 275px\" class=\"wp-caption alignleft\"><a href=\"http:\/\/www.fuldaer-nachrichten.de\/wp-content\/uploads\/2014\/09\/K.Bauch-3.jpg\"><img fetchpriority=\"high\" decoding=\"async\" aria-describedby=\"caption-attachment-129660\" class=\"size-thumbnail wp-image-129660\" src=\"http:\/\/www.fuldaer-nachrichten.de\/wp-content\/uploads\/2014\/09\/K.Bauch-3-265x399.jpg\" alt=\"ie neue Nordessenmeisterin Kristina Bauch mit ihrem Pferd Collin\" width=\"265\" height=\"399\" srcset=\"https:\/\/www.fuldaernachrichten.de\/wp-content\/uploads\/2014\/09\/K.Bauch-3-265x399.jpg 265w, https:\/\/www.fuldaernachrichten.de\/wp-content\/uploads\/2014\/09\/K.Bauch-3.jpg 600w\" sizes=\"(max-width: 265px) 100vw, 265px\" \/><\/a><p id=\"caption-attachment-129660\" class=\"wp-caption-text\">ie neue Nordessenmeisterin Kristina Bauch mit ihrem Pferd Collin<\/p><\/div>\n<p><strong>Fulda. <\/strong>Beim gro\u00dfen Reitturnier des Reit- und Fahrverein Gem\u00fcnden (Wohra) wurden die diesj\u00e4hrigen Verbandsmeisterschaften Kurhessen-Waldeck der Dressur- und Springreiter ausgetragen. Auch vom Kreisreiterbund Fulda sind mehrere Reiter bei den Meisterschaften angetreten. Die 20. j\u00e4hrige Springreiterin Kristina Bauch vom Reit- und Fahrverein H\u00fcnfeld e.V. siegte in der Meisterschaftswertung \u201eJunge Reiter\u201c und wurde neue Verbandsmeisterin Kurhessen-Waldeck 2014 (Nordhessenmeisterin).<!--more--><\/p>\n<p>Mit ihrem Pferd Collin musste sie drei Wertungspr\u00fcfungen absolvieren. Gewertet wurden eine Springpr\u00fcfung der Klasse L, eine Springpr\u00fcfung der Klasse M und eine Springpr\u00fcfung der Klasse M mit Stechen. In der Springpr\u00fcfung der Klasse M belegte sie nach einer fehlerfreien Runde den 5. Platz. In der Finalwertung hatte die Reiterin am letzten Hindernis einen Abwurf und hatte aber die schnellste Zeit mit einem Fehler. In der Gesamtwertung erzielte sie den Meistertitel und sie darf sich fortan Nordhessenmeisterin 2014 in der Altersklasse \u201eJunge Reiter\u201c nennen.<\/p>\n<p>Der Vorsitzende des Reit- und Fahrverein H\u00fcnfeld e.V, Dr. Klaus Martin, gratulierte vor Ort und freute sich \u00fcber den Meisterschaftstitel eines aktiven Vereinsmitgliedes.<\/p>\n","protected":false},"excerpt":{"rendered":"<div class=\"tmnf_excerpt\"><p>Fulda. Beim gro\u00dfen Reitturnier des Reit- und Fahrverein Gem\u00fcnden (Wohra) wurden die diesj\u00e4hrigen Verbandsmeisterschaften Kurhessen-Waldeck der Dressur- und Springreiter ausgetragen. Auch vom Kreisreiterbund Fulda sind mehrere Reiter bei den Meisterschaften angetreten. Die 20. j\u00e4hrige Springreiterin Kristina Bauch vom Reit- und Fahrverein H\u00fcnfeld e.V. siegte in der Meisterschaftswertung \u201eJunge Reiter\u201c und wurde neue Verbandsmeisterin Kurhessen-Waldeck 2014 &hellip;<\/p>\n<\/div>","protected":false},"author":1,"featured_media":0,"comment_status":"closed","ping_status":"closed","sticky":false,"template":"","format":"standard","meta":{"footnotes":""},"categories":[1,46],"tags":[],"class_list":["post-129659","post","type-post","status-publish","format-standard","hentry","category-startseite","category-sport"],"_links":{"self":[{"href":"https:\/\/www.fuldaernachrichten.de\/index.php?rest_route=\/wp\/v2\/posts\/129659","targetHints":{"allow":["GET"]}}],"collection":[{"href":"https:\/\/www.fuldaernachrichten.de\/index.php?rest_route=\/wp\/v2\/posts"}],"about":[{"href":"https:\/\/www.fuldaernachrichten.de\/index.php?rest_route=\/wp\/v2\/types\/post"}],"author":[{"embeddable":true,"href":"https:\/\/www.fuldaernachrichten.de\/index.php?rest_route=\/wp\/v2\/users\/1"}],"replies":[{"embeddable":true,"href":"https:\/\/www.fuldaernachrichten.de\/index.php?rest_route=%2Fwp%2Fv2%2Fcomments&post=129659"}],"version-history":[{"count":1,"href":"https:\/\/www.fuldaernachrichten.de\/index.php?rest_route=\/wp\/v2\/posts\/129659\/revisions"}],"predecessor-version":[{"id":129661,"href":"https:\/\/www.fuldaernachrichten.de\/index.php?rest_route=\/wp\/v2\/posts\/129659\/revisions\/129661"}],"wp:attachment":[{"href":"https:\/\/www.fuldaernachrichten.de\/index.php?rest_route=%2Fwp%2Fv2%2Fmedia&parent=129659"}],"wp:term":[{"taxonomy":"category","embeddable":true,"href":"https:\/\/www.fuldaernachrichten.de\/index.php?rest_route=%2Fwp%2Fv2%2Fcategories&post=129659"},{"taxonomy":"post_tag","embeddable":true,"href":"https:\/\/www.fuldaernachrichten.de\/index.php?rest_route=%2Fwp%2Fv2%2Ftags&post=129659"}],"curies":[{"name":"wp","href":"https:\/\/api.w.org\/{rel}","templated":true}]}}