{"id":129646,"date":"2014-09-29T07:00:56","date_gmt":"2014-09-29T07:00:56","guid":{"rendered":"http:\/\/www.fuldaer-nachrichten.de\/?p=129646"},"modified":"2014-09-29T07:04:24","modified_gmt":"2014-09-29T07:04:24","slug":"tastatour-ein-thueringisch-hessischer-orgelspaziergang","status":"publish","type":"post","link":"https:\/\/www.fuldaernachrichten.de\/?p=129646","title":{"rendered":"TastaTour: Ein th\u00fcringisch-hessischer Orgelspaziergang"},"content":{"rendered":"<p><a href=\"http:\/\/www.fuldaer-nachrichten.de\/wp-content\/uploads\/2014\/09\/Orgel-Theo2.jpg\"><img decoding=\"async\" class=\"alignleft size-thumbnail wp-image-129647\" src=\"http:\/\/www.fuldaer-nachrichten.de\/wp-content\/uploads\/2014\/09\/Orgel-Theo2-265x117.jpg\" alt=\"Orgel-Theo2\" width=\"265\" height=\"117\" srcset=\"https:\/\/www.fuldaernachrichten.de\/wp-content\/uploads\/2014\/09\/Orgel-Theo2-265x117.jpg 265w, https:\/\/www.fuldaernachrichten.de\/wp-content\/uploads\/2014\/09\/Orgel-Theo2.jpg 600w\" sizes=\"(max-width: 265px) 100vw, 265px\" \/><\/a>Tann. 1989 \u00f6ffnete sich der Eiserne Vorhang, der Deutschland und die Welt \u00fcber Jahrzehnte hinweg auseinandergerissen hatte. 25 Jahre sp\u00e4ter erinnert ein Grenzen \u00fcberschreitendes Projekt an dieses gerade f\u00fcr unsere Region so bedeutende geschichtliche Ereignis: Am \u201eTag der Deutschen Einheit\u201c (Freitag, 3. Oktober 2014) findet die \u201eTastaTour\u201c statt, ein th\u00fcringisch-hessischer Orgelspaziergang von Zella \u00fcber Theobaldshof nach Tann. <!--more--><\/p>\n<p>An drei Orgeln katholischer wie evangelischer Kirchen, in verschiedenen politischen und kirchlichen Gemeinden und in zwei Bundesl\u00e4ndern sollen in Konzerten und Wanderungen die Liebe zur Region, die Sch\u00f6nheit der Kirchen und die Einmaligkeit der Instrumente vorgestellt werden. Der Weg zwischen den Stationen wird erwandert. An den Stationen selbst gibt es Speisen und Getr\u00e4nke.<\/p>\n<p>Der Tanner Musiksommer, der Rh\u00f6nklub, das Bisch\u00f6fliche Kirchenmusikinstitut Fulda und die Kirchengemeinden vor Ort zeigen sich gemeinsam f\u00fcr dieses Event verantwortlich, bei dem so die Sch\u00e4tze landschaftlicher, architektonischer, musikalischer und kulinarischer Art, die sich in der Region verbergen, bestens miteinander in Verbindung treten:<\/p>\n<ul>\n<li><strong>11 Uhr Fr\u00fchschoppen an der Propsteikirche Zella<\/strong><\/li>\n<\/ul>\n<p>Das Rathgeberensemble Fulda spielt M\u00e4rsche und Unterhaltungsmusik der Rh\u00f6ner Komponisten Michael Henkel (1780-1851, Stadtkantor in Fulda), Peter Streck (1797-1864, bayrischer Milit\u00e4rkapellmeister, geboren in Gersfeld) und Andreas Hager (1818-1892, \u201eVon der Tann-Marsch\u201c)<\/p>\n<ul>\n<li><strong>12 Uhr Propsteikirche Zella<\/strong>: Rathgeberensemble Fulda (Ltg. Ulrich Moormann), Sebastian Fuhrmann (Orgel) und Anne Greiling (Alt) musizieren Johann Sebastian Bachs Kantate \u201eGeist und Seele wird verwirret\u201c BWV 35<\/li>\n<\/ul>\n<ul>\n<li><strong>16 Uhr Dorfkirche Tann-Theobaldshof<\/strong>: Rathgeberensemble Fulda (Ltg. Ulrich Moormann) und Sebastian Fuhrmann (Orgel) spielen klassische Orgelwerke, darunter das Orgelkonzert C-Dur Hob. XVIII \/ 1<\/li>\n<\/ul>\n<ul>\n<li><strong>18:30 Uhr Stadtkirche Tann<\/strong>: Alle Tanner Ch\u00f6re (unter Leitung von Thomas N\u00fcdling) gestalten gemeinsam eine Kirchenmusikalische Vesper; an der Orgel spielt Ulrich Moormann.<\/li>\n<\/ul>\n<p>Der Eintritt zu allen Konzerten ist frei. Um eine Kollekte am Ausgang wird gebeten. Gef\u00f6rdert wird die TastaTour durch die Gastst\u00e4tte \u201eL\u00e4mmchen\u201c (Tann-Schlitzenhausen)<\/p>\n","protected":false},"excerpt":{"rendered":"<div class=\"tmnf_excerpt\"><p>Tann. 1989 \u00f6ffnete sich der Eiserne Vorhang, der Deutschland und die Welt \u00fcber Jahrzehnte hinweg auseinandergerissen hatte. 25 Jahre sp\u00e4ter erinnert ein Grenzen \u00fcberschreitendes Projekt an dieses gerade f\u00fcr unsere Region so bedeutende geschichtliche Ereignis: Am \u201eTag der Deutschen Einheit\u201c (Freitag, 3. Oktober 2014) findet die \u201eTastaTour\u201c statt, ein th\u00fcringisch-hessischer Orgelspaziergang von Zella \u00fcber Theobaldshof &hellip;<\/p>\n<\/div>","protected":false},"author":1,"featured_media":0,"comment_status":"closed","ping_status":"closed","sticky":false,"template":"","format":"standard","meta":{"footnotes":""},"categories":[1,50],"tags":[],"class_list":["post-129646","post","type-post","status-publish","format-standard","hentry","category-startseite","category-kirche"],"_links":{"self":[{"href":"https:\/\/www.fuldaernachrichten.de\/index.php?rest_route=\/wp\/v2\/posts\/129646","targetHints":{"allow":["GET"]}}],"collection":[{"href":"https:\/\/www.fuldaernachrichten.de\/index.php?rest_route=\/wp\/v2\/posts"}],"about":[{"href":"https:\/\/www.fuldaernachrichten.de\/index.php?rest_route=\/wp\/v2\/types\/post"}],"author":[{"embeddable":true,"href":"https:\/\/www.fuldaernachrichten.de\/index.php?rest_route=\/wp\/v2\/users\/1"}],"replies":[{"embeddable":true,"href":"https:\/\/www.fuldaernachrichten.de\/index.php?rest_route=%2Fwp%2Fv2%2Fcomments&post=129646"}],"version-history":[{"count":1,"href":"https:\/\/www.fuldaernachrichten.de\/index.php?rest_route=\/wp\/v2\/posts\/129646\/revisions"}],"predecessor-version":[{"id":129648,"href":"https:\/\/www.fuldaernachrichten.de\/index.php?rest_route=\/wp\/v2\/posts\/129646\/revisions\/129648"}],"wp:attachment":[{"href":"https:\/\/www.fuldaernachrichten.de\/index.php?rest_route=%2Fwp%2Fv2%2Fmedia&parent=129646"}],"wp:term":[{"taxonomy":"category","embeddable":true,"href":"https:\/\/www.fuldaernachrichten.de\/index.php?rest_route=%2Fwp%2Fv2%2Fcategories&post=129646"},{"taxonomy":"post_tag","embeddable":true,"href":"https:\/\/www.fuldaernachrichten.de\/index.php?rest_route=%2Fwp%2Fv2%2Ftags&post=129646"}],"curies":[{"name":"wp","href":"https:\/\/api.w.org\/{rel}","templated":true}]}}