{"id":129627,"date":"2014-09-22T00:36:05","date_gmt":"2014-09-22T00:36:05","guid":{"rendered":"http:\/\/www.fuldaer-nachrichten.de\/?p=129627"},"modified":"2014-09-22T06:41:53","modified_gmt":"2014-09-22T06:41:53","slug":"ueber-20-t-kleider-und-schuhe-fuer-soziale-projekte-kab-fuehrte-kleidersammlung-durch","status":"publish","type":"post","link":"https:\/\/www.fuldaernachrichten.de\/?p=129627","title":{"rendered":"\u00dcber 20 t Kleider und Schuhe f\u00fcr Soziale Projekte &#8211; KAB f\u00fchrte Kleidersammlung durch"},"content":{"rendered":"<p><a href=\"http:\/\/www.fuldaer-nachrichten.de\/wp-content\/uploads\/2014\/09\/P1120913_aus.jpg\"><img fetchpriority=\"high\" decoding=\"async\" class=\"alignnone size-full wp-image-129628\" src=\"http:\/\/www.fuldaer-nachrichten.de\/wp-content\/uploads\/2014\/09\/P1120913_aus.jpg\" alt=\"P1120913_aus\" width=\"560\" height=\"360\" \/><\/a><\/p>\n<p>Fulda. Zugunsten sozialer Projekte in verschiedenen L\u00e4ndern f\u00fchrte das Solidarit\u00e4tswerk der KAB Fulda e.V. zusammen mit den \u00f6rtlichen Vereinen der Katholischen Arbeitnehmer-Bewegung (KAB) die diesj\u00e4hrige Herbstkleidersammlung in weiten Teilen des Landkreises Fulda durch. \u00dcber 100 Helfer\/innen sammelten dabei \u00fcber 20 t abgelegte Kleidung und Schuhe.<!--more--><\/p>\n<p>Den Spendern\/innen, Sammler\/innen und denjenigen, die Fahrzeuge zur Verf\u00fcgung gestellt hatten, sprach die verantwortliche der KAB f\u00fcr die Kleidersammlung, Heike Brenzel-Auth, ein herzliches Dankesch\u00f6n aus.<\/p>\n<p><a href=\"http:\/\/www.fuldaer-nachrichten.de\/wp-content\/uploads\/2014\/09\/P1120938_aus.jpg\"><img decoding=\"async\" class=\"alignleft size-thumbnail wp-image-129630\" src=\"http:\/\/www.fuldaer-nachrichten.de\/wp-content\/uploads\/2014\/09\/P1120938_aus-265x133.jpg\" alt=\"P1120938_aus\" width=\"265\" height=\"133\" srcset=\"https:\/\/www.fuldaernachrichten.de\/wp-content\/uploads\/2014\/09\/P1120938_aus-265x133.jpg 265w, https:\/\/www.fuldaernachrichten.de\/wp-content\/uploads\/2014\/09\/P1120938_aus.jpg 600w\" sizes=\"(max-width: 265px) 100vw, 265px\" \/><\/a>Mit dem Erl\u00f6s aus der Akktion unterst\u00fctz das KAB Hilfswerk insbesondere die Arbeit der MTC (Movimiento Trabajadores Campesinos) San Marcos, Guatemala. Die MTC, Partnerverband der KAB Fulda, leistet vor allem Bildungsarbeit f\u00fcr die Bev\u00f6lkerung in einer der \u00e4rmsten Gegenden Zentralamerikas und unterst\u00fctzt Landarbeiter\/innen, vor allem Kaffeebauern durch fachliche wie auch Rechtsberatung. \u201eHilfe zur Selbsthilfe ist das oberste Motto unserer Entwicklungszusammenarbeit\u201c betont der Vorsitzende des Solidarit\u00e4tswerks der KAB und KAB Di\u00f6zesansekret\u00e4r Michael Schmitt.<\/p>\n<p><a href=\"http:\/\/www.fuldaer-nachrichten.de\/wp-content\/uploads\/2014\/09\/P1120930_aus.jpg\"><img decoding=\"async\" class=\"alignleft size-thumbnail wp-image-129629\" src=\"http:\/\/www.fuldaer-nachrichten.de\/wp-content\/uploads\/2014\/09\/P1120930_aus-265x362.jpg\" alt=\"P1120930_aus\" width=\"265\" height=\"362\" srcset=\"https:\/\/www.fuldaernachrichten.de\/wp-content\/uploads\/2014\/09\/P1120930_aus-265x362.jpg 265w, https:\/\/www.fuldaernachrichten.de\/wp-content\/uploads\/2014\/09\/P1120930_aus-193x265.jpg 193w, https:\/\/www.fuldaernachrichten.de\/wp-content\/uploads\/2014\/09\/P1120930_aus-439x600.jpg 439w, https:\/\/www.fuldaernachrichten.de\/wp-content\/uploads\/2014\/09\/P1120930_aus.jpg 600w\" sizes=\"(max-width: 265px) 100vw, 265px\" \/><\/a>Unterst\u00fctzt werden auch Projekte, in die einzelne KAB Vereine involviert sind. Dazu geh\u00f6ren u. a. das Hospiz Mariaabhavan in Indien, das Stra\u00dfenkinderprojekt Arco Iris in Bolivien, das Schulprojekt Bwacapira \u2013 Kooki in der Di\u00f6zese Hoima in Uganda, die Krankenstation der Mariannhiller Mission in Bulawayo, Zimbabwe, die Obdachlosenarbeit der Caritas in Omsk, Sibirien und ein Kinderheim im Kosovo. Zu den Projekttr\u00e4gern und Partner besteht seitens der KAB Ortsvereine ein st\u00e4ndiger Austausch \u00fcber die Entwicklung der Projekte.<\/p>\n<p>Unabh\u00e4ngig von der j\u00e4hrlichen Herbstkleidersammlung nimmt die KAB Gebrauchtkleider und Schuhe im Nikolaus-Gro\u00df-Haus, Agnes-Huenninger-Stra\u00dfe 1, Fulda entgegen. Au\u00dferhalb der Gesch\u00e4ftszeiten k\u00f6nnen die Kleiderspenden in die blauen Kleidercontainern vor dem Geb\u00e4ude deponiert werden.<\/p>\n<p>Text und Fotos: Michael Schmitt<\/p>\n","protected":false},"excerpt":{"rendered":"<div class=\"tmnf_excerpt\"><p>Fulda. Zugunsten sozialer Projekte in verschiedenen L\u00e4ndern f\u00fchrte das Solidarit\u00e4tswerk der KAB Fulda e.V. zusammen mit den \u00f6rtlichen Vereinen der Katholischen Arbeitnehmer-Bewegung (KAB) die diesj\u00e4hrige Herbstkleidersammlung in weiten Teilen des Landkreises Fulda durch. \u00dcber 100 Helfer\/innen sammelten dabei \u00fcber 20 t abgelegte Kleidung und Schuhe.<\/p>\n<\/div>","protected":false},"author":1,"featured_media":0,"comment_status":"closed","ping_status":"closed","sticky":false,"template":"","format":"standard","meta":{"footnotes":""},"categories":[1,78],"tags":[],"class_list":["post-129627","post","type-post","status-publish","format-standard","hentry","category-startseite","category-topthema"],"_links":{"self":[{"href":"https:\/\/www.fuldaernachrichten.de\/index.php?rest_route=\/wp\/v2\/posts\/129627","targetHints":{"allow":["GET"]}}],"collection":[{"href":"https:\/\/www.fuldaernachrichten.de\/index.php?rest_route=\/wp\/v2\/posts"}],"about":[{"href":"https:\/\/www.fuldaernachrichten.de\/index.php?rest_route=\/wp\/v2\/types\/post"}],"author":[{"embeddable":true,"href":"https:\/\/www.fuldaernachrichten.de\/index.php?rest_route=\/wp\/v2\/users\/1"}],"replies":[{"embeddable":true,"href":"https:\/\/www.fuldaernachrichten.de\/index.php?rest_route=%2Fwp%2Fv2%2Fcomments&post=129627"}],"version-history":[{"count":1,"href":"https:\/\/www.fuldaernachrichten.de\/index.php?rest_route=\/wp\/v2\/posts\/129627\/revisions"}],"predecessor-version":[{"id":129631,"href":"https:\/\/www.fuldaernachrichten.de\/index.php?rest_route=\/wp\/v2\/posts\/129627\/revisions\/129631"}],"wp:attachment":[{"href":"https:\/\/www.fuldaernachrichten.de\/index.php?rest_route=%2Fwp%2Fv2%2Fmedia&parent=129627"}],"wp:term":[{"taxonomy":"category","embeddable":true,"href":"https:\/\/www.fuldaernachrichten.de\/index.php?rest_route=%2Fwp%2Fv2%2Fcategories&post=129627"},{"taxonomy":"post_tag","embeddable":true,"href":"https:\/\/www.fuldaernachrichten.de\/index.php?rest_route=%2Fwp%2Fv2%2Ftags&post=129627"}],"curies":[{"name":"wp","href":"https:\/\/api.w.org\/{rel}","templated":true}]}}