{"id":129617,"date":"2014-09-20T00:27:32","date_gmt":"2014-09-20T00:27:32","guid":{"rendered":"http:\/\/www.fuldaer-nachrichten.de\/?p=129617"},"modified":"2014-09-20T07:30:38","modified_gmt":"2014-09-20T07:30:38","slug":"500-edag-fuehrungskraefte-blicken-optimistisch-in-die-zukunft","status":"publish","type":"post","link":"https:\/\/www.fuldaernachrichten.de\/?p=129617","title":{"rendered":"500 EDAG-F\u00fchrungskr\u00e4fte blicken optimistisch in die Zukunft"},"content":{"rendered":"<p><a href=\"http:\/\/www.fuldaer-nachrichten.de\/wp-content\/uploads\/2014\/09\/EDAG_Fuehrungskraeftetagung_18_09_2014.jpg\"><img fetchpriority=\"high\" decoding=\"async\" class=\"alignnone size-full wp-image-129618\" src=\"http:\/\/www.fuldaer-nachrichten.de\/wp-content\/uploads\/2014\/09\/EDAG_Fuehrungskraeftetagung_18_09_2014.jpg\" alt=\"EDAG_Fuehrungskraeftetagung_18_09_2014\" width=\"560\" height=\"255\" \/><\/a><\/p>\n<p>Fulda. Am 17. und 18. September 2014 fand das j\u00e4hrliche F\u00fchrungskr\u00e4ftetreffen der EDAG Engineering AG in Fulda statt. Erstmals fand die Veranstaltung mit dem neu formierten F\u00fchrungskreis nach der im August erfolgten Verschmelzung mit der R\u00fccker GmbH statt.<!--more--><\/p>\n<p>Die knapp 500 Teilnehmer aus den aktuell 70 internationalen und nationalen Standorten der neuen EDAG Engineering AG hatten nicht nur die Gelegenheit sich gegenseitig pers\u00f6nlich kennenzulernen und fachlich auszutauschen, sondern wurden vom vierk\u00f6pfigen Vorstand der EDAG aus erster Hand \u00fcber die weitere Unternehmensstrategie informiert. Bis zum Jahresende wird die EDAG ihre Teamst\u00e4rke auf 8.000 Mitarbeiter, \u00fcber 1.100 davon am Standort Fulda, aufgebaut haben.<\/p>\n<p>\u201eMit dieser Gr\u00f6\u00dfe im Verbund mit unserer Engineering-Kompetenz sind wir bestm\u00f6glich auf die Zukunft ausgerichtet und vorbereitet. An allen Standorten unserer Gro\u00dfkunden wie in Wolfsburg, Sindelfingen, Ingolstadt oder M\u00fcnchen verf\u00fcgen wir nun \u00fcber Teamgr\u00f6\u00dfen von je 1.000 Mitarbeiterinnen und Mitarbeiter Genau die Gr\u00f6\u00dfe, die sich der Kunde f\u00fcr die Vergabe von gr\u00f6\u00dferen Entwicklungspaketen w\u00fcnscht\u201c, res\u00fcmiert Werner Kropsbauer, CEO der EDAG Group.<\/p>\n<p>Die Zeichen stehen auch in Zukunft weiter auf Wachstum. Die EDAG plant ein durchschnittliches Personalwachstum von 10 Prozent. Auch an der hohen Ausbildungsquote von \u00fcber 12 % wird das Unternehmen als S\u00e4ule der Nachwuchsf\u00f6rderung festhalten. So plant der zentrale Ausbildungsbereich in Fulda die Neueinstellung von ca. 160 bundesweiten Auszubildenden und dualen Studenten.<\/p>\n<p><strong>\u00c2\u00a0<\/strong><\/p>\n<p>&nbsp;<\/p>\n","protected":false},"excerpt":{"rendered":"<div class=\"tmnf_excerpt\"><p>Fulda. Am 17. und 18. September 2014 fand das j\u00e4hrliche F\u00fchrungskr\u00e4ftetreffen der EDAG Engineering AG in Fulda statt. Erstmals fand die Veranstaltung mit dem neu formierten F\u00fchrungskreis nach der im August erfolgten Verschmelzung mit der R\u00fccker GmbH statt.<\/p>\n<\/div>","protected":false},"author":1,"featured_media":0,"comment_status":"closed","ping_status":"closed","sticky":false,"template":"","format":"standard","meta":{"footnotes":""},"categories":[1,29,78],"tags":[],"class_list":["post-129617","post","type-post","status-publish","format-standard","hentry","category-startseite","category-politik","category-topthema"],"_links":{"self":[{"href":"https:\/\/www.fuldaernachrichten.de\/index.php?rest_route=\/wp\/v2\/posts\/129617","targetHints":{"allow":["GET"]}}],"collection":[{"href":"https:\/\/www.fuldaernachrichten.de\/index.php?rest_route=\/wp\/v2\/posts"}],"about":[{"href":"https:\/\/www.fuldaernachrichten.de\/index.php?rest_route=\/wp\/v2\/types\/post"}],"author":[{"embeddable":true,"href":"https:\/\/www.fuldaernachrichten.de\/index.php?rest_route=\/wp\/v2\/users\/1"}],"replies":[{"embeddable":true,"href":"https:\/\/www.fuldaernachrichten.de\/index.php?rest_route=%2Fwp%2Fv2%2Fcomments&post=129617"}],"version-history":[{"count":1,"href":"https:\/\/www.fuldaernachrichten.de\/index.php?rest_route=\/wp\/v2\/posts\/129617\/revisions"}],"predecessor-version":[{"id":129619,"href":"https:\/\/www.fuldaernachrichten.de\/index.php?rest_route=\/wp\/v2\/posts\/129617\/revisions\/129619"}],"wp:attachment":[{"href":"https:\/\/www.fuldaernachrichten.de\/index.php?rest_route=%2Fwp%2Fv2%2Fmedia&parent=129617"}],"wp:term":[{"taxonomy":"category","embeddable":true,"href":"https:\/\/www.fuldaernachrichten.de\/index.php?rest_route=%2Fwp%2Fv2%2Fcategories&post=129617"},{"taxonomy":"post_tag","embeddable":true,"href":"https:\/\/www.fuldaernachrichten.de\/index.php?rest_route=%2Fwp%2Fv2%2Ftags&post=129617"}],"curies":[{"name":"wp","href":"https:\/\/api.w.org\/{rel}","templated":true}]}}