{"id":129541,"date":"2014-09-19T06:53:42","date_gmt":"2014-09-19T06:53:42","guid":{"rendered":"http:\/\/www.fuldaer-nachrichten.de\/?p=129541"},"modified":"2014-09-19T06:53:42","modified_gmt":"2014-09-19T06:53:42","slug":"tegut-steht-fuer-nachhaltigkeit-viele-aktionen-zum-3-hessischen-tag-der-nachhaltigkeit","status":"publish","type":"post","link":"https:\/\/www.fuldaernachrichten.de\/?p=129541","title":{"rendered":"tegut\u00e2\u20ac\u00a6 steht f\u00fcr Nachhaltigkeit \u2013 viele Aktionen zum 3. Hessischen Tag der Nachhaltigkeit"},"content":{"rendered":"<p><a href=\"http:\/\/www.fuldaer-nachrichten.de\/wp-content\/uploads\/2014\/09\/140919_tegut.jpg\"><img fetchpriority=\"high\" decoding=\"async\" class=\"alignleft size-thumbnail wp-image-129542\" src=\"http:\/\/www.fuldaer-nachrichten.de\/wp-content\/uploads\/2014\/09\/140919_tegut-265x470.jpg\" alt=\"140919_tegut\" width=\"265\" height=\"470\" srcset=\"https:\/\/www.fuldaernachrichten.de\/wp-content\/uploads\/2014\/09\/140919_tegut-265x470.jpg 265w, https:\/\/www.fuldaernachrichten.de\/wp-content\/uploads\/2014\/09\/140919_tegut-149x265.jpg 149w, https:\/\/www.fuldaernachrichten.de\/wp-content\/uploads\/2014\/09\/140919_tegut-338x600.jpg 338w, https:\/\/www.fuldaernachrichten.de\/wp-content\/uploads\/2014\/09\/140919_tegut.jpg 600w\" sizes=\"(max-width: 265px) 100vw, 265px\" \/><\/a>Fulda. Am 17. September war es soweit: Unter dem Motto \u201eRegional, bewusst und fair\u201c des 3. Hessischen Tag der Nachhaltigkeit startete tegut\u00e2\u20ac\u00a6 gute Lebensmittel mit verschiedenen Aktionen. \u201eNachhaltigkeit kann man im Privaten, wie im Berufsalltag leben. Das Spannende f\u00fcr tegut\u00e2\u20ac\u00a6 war, dass wir nicht nur unsere Kunden, sondern auch unsere Mitarbeitenden und Kinder und Jugendliche ansprechen konnten. Die M\u00f6glichkeit mit vielen kleinen Aktionen etwas zu bewegen hat uns angespornt\u201c freut sich Stella Kircher, Leiterin der tegut\u00e2\u20ac\u00a6 Unternehmenskommunikation. <!--more--><\/p>\n<p>Und die positiven Reaktionen best\u00e4tigen es, im Kleinen kann jeder etwas bewegen. Angefangen bei den Nachhaltigkeitstipps der tegut\u00e2\u20ac\u00a6 facebook-Redaktion, \u00fcber die Vorstellung der FAIRbindet H-Milch aus dem Vogelsberg in verschiedenen M\u00e4rkten bis hin zu bewusstem Genie\u00dfen in dem Bistro der tegut\u00e2\u20ac\u00a6 Zentrale, wurden die verschiedenen Facetten des Themas aufgegriffen. \u201eWir freuen uns, dass wir sogar mit der Kindertagesst\u00e4tte Dreik\u00e4sehoch und der Adolf-von-Dalberg-Grundschule aus Fulda in unserem Saisongarten ernten, lernen und kochen konnten.<\/p>\n<p>Wir wollen mit den Kindern das Interesse an guten Lebensmitteln als Mittel zum Leben wecken und ihnen einen Bezug zur Herkunft und Anbauweise vermitteln. Denn eine ausgewogene Ern\u00e4hrung ist gerade in der Entwicklungszeit der Kinder unabdingbar und die Erfahrungen in dem Alter pr\u00e4gen das ganze Leben\u201c, erl\u00e4utert Thomas Gutberlet, tegut\u00e2\u20ac\u00a6 Gesch\u00e4ftsf\u00fchrer. \u201eDas Engagement der zahlreichen B\u00fcrgerinnen und B\u00fcrger, Initiativen, Schulen, Unternehmen und Kommunen am Tag der Nachhaltigkeit ist \u00fcberaus beeindruckend&#8221;, so Priska Hinz, Hessische Umweltministerin.<\/p>\n<p>Dem Ansatz der Ministerin, das Bewusstsein f\u00fcr den eigenen Konsum zu sch\u00e4rfen und die Ressourcen zu schonen, haben auch die tegut\u00e2\u20ac\u00a6 Studenten in der Augustiner Schule Friedberg, der Kesperschule Witzenhausen und dem Bildungsunternehmen Dr. Jordan in Fulda aufgegriffen. \u201eUnsere Studenten haben mit den Sch\u00fclern fairen Konsum unter dem Motto \u201eZeig\u00c2\u00b4 deine Schokoladenseite f\u00fcr fairen Handel!\u201c besprochen. Am Ende gab es f\u00fcr jede Klasse auch ein Schokoladen-Selfie mit fair gehandelter Schokolade\u201c, erg\u00e4nzt Kircher. Nachhaltiges Wirtschaften ist f\u00fcr tegut&#8230; eine zentrale Messgr\u00f6\u00dfe f\u00fcr jegliches Handeln. \u201eAus diesem Grund wollen wir genauso erfolgreich auch im n\u00e4chsten Jahr mit vielen Aktionen dabei sein\u201c, wagt Gutberlet einen Ausblick in die Zukunft.<\/p>\n","protected":false},"excerpt":{"rendered":"<div class=\"tmnf_excerpt\"><p>Fulda. Am 17. September war es soweit: Unter dem Motto \u201eRegional, bewusst und fair\u201c des 3. Hessischen Tag der Nachhaltigkeit startete tegut\u00e2\u20ac\u00a6 gute Lebensmittel mit verschiedenen Aktionen. \u201eNachhaltigkeit kann man im Privaten, wie im Berufsalltag leben. Das Spannende f\u00fcr tegut\u00e2\u20ac\u00a6 war, dass wir nicht nur unsere Kunden, sondern auch unsere Mitarbeitenden und Kinder und Jugendliche &hellip;<\/p>\n<\/div>","protected":false},"author":1,"featured_media":0,"comment_status":"closed","ping_status":"closed","sticky":false,"template":"","format":"standard","meta":{"footnotes":""},"categories":[1,37],"tags":[],"class_list":["post-129541","post","type-post","status-publish","format-standard","hentry","category-startseite","category-essen-und-trinken"],"_links":{"self":[{"href":"https:\/\/www.fuldaernachrichten.de\/index.php?rest_route=\/wp\/v2\/posts\/129541","targetHints":{"allow":["GET"]}}],"collection":[{"href":"https:\/\/www.fuldaernachrichten.de\/index.php?rest_route=\/wp\/v2\/posts"}],"about":[{"href":"https:\/\/www.fuldaernachrichten.de\/index.php?rest_route=\/wp\/v2\/types\/post"}],"author":[{"embeddable":true,"href":"https:\/\/www.fuldaernachrichten.de\/index.php?rest_route=\/wp\/v2\/users\/1"}],"replies":[{"embeddable":true,"href":"https:\/\/www.fuldaernachrichten.de\/index.php?rest_route=%2Fwp%2Fv2%2Fcomments&post=129541"}],"version-history":[{"count":1,"href":"https:\/\/www.fuldaernachrichten.de\/index.php?rest_route=\/wp\/v2\/posts\/129541\/revisions"}],"predecessor-version":[{"id":129543,"href":"https:\/\/www.fuldaernachrichten.de\/index.php?rest_route=\/wp\/v2\/posts\/129541\/revisions\/129543"}],"wp:attachment":[{"href":"https:\/\/www.fuldaernachrichten.de\/index.php?rest_route=%2Fwp%2Fv2%2Fmedia&parent=129541"}],"wp:term":[{"taxonomy":"category","embeddable":true,"href":"https:\/\/www.fuldaernachrichten.de\/index.php?rest_route=%2Fwp%2Fv2%2Fcategories&post=129541"},{"taxonomy":"post_tag","embeddable":true,"href":"https:\/\/www.fuldaernachrichten.de\/index.php?rest_route=%2Fwp%2Fv2%2Ftags&post=129541"}],"curies":[{"name":"wp","href":"https:\/\/api.w.org\/{rel}","templated":true}]}}