{"id":129443,"date":"2014-09-17T00:11:42","date_gmt":"2014-09-17T00:11:42","guid":{"rendered":"http:\/\/www.fuldaer-nachrichten.de\/?p=129443"},"modified":"2014-09-16T19:04:54","modified_gmt":"2014-09-16T19:04:54","slug":"informationen-zu-freiwilligen-diensten-im-in-und-ausland-3","status":"publish","type":"post","link":"https:\/\/www.fuldaernachrichten.de\/?p=129443","title":{"rendered":"Informationen zu Freiwilligen Diensten im In- und Ausland"},"content":{"rendered":"<p>Fulda. Am 26.09.2014 von 14.00 Uhr bis 16.00 Uhr gibt es die M\u00f6glichkeit sich \u00fcber Angebote von Freiwilligendienste im In- und Ausland im Knotenpunkt f\u00fcr Engagierte in der Karl-Stra\u00dfe 13 in Fulda zu informieren. An diesem Tag wird auch Frau Bettinger Pflegedienstleitung vom DRK Fulda zur Verf\u00fcgung stehen um Fragen rund um das FSJ in den Senioreneinrichtungen zu informieren. Diese FSJ Stellen sind vielf\u00e4ltiger als erwartet. Freiwillige in Hessen bekommen ein Taschengeld, nehmen an Seminaren teil und haben eine feste p\u00e4dagogische Ansprechperson. Weitere Informationen unter <a href=\"http:\/\/www.volunta.de\/\">www.volunta.de<\/a> oder Yvonne B\u00f6hle und Katharina Vetter, die P\u00e4dagogischen Beraterinnen der Volunta f\u00fcr den Landkreis Fulda Tel.: 0661\/974291- 01 oder -02<\/p>\n<p>&nbsp;<\/p>\n","protected":false},"excerpt":{"rendered":"<div class=\"tmnf_excerpt\"><p>Fulda. Am 26.09.2014 von 14.00 Uhr bis 16.00 Uhr gibt es die M\u00f6glichkeit sich \u00fcber Angebote von Freiwilligendienste im In- und Ausland im Knotenpunkt f\u00fcr Engagierte in der Karl-Stra\u00dfe 13 in Fulda zu informieren. An diesem Tag wird auch Frau Bettinger Pflegedienstleitung vom DRK Fulda zur Verf\u00fcgung stehen um Fragen rund um das FSJ in &hellip;<\/p>\n<\/div>","protected":false},"author":1,"featured_media":0,"comment_status":"closed","ping_status":"closed","sticky":false,"template":"","format":"standard","meta":{"footnotes":""},"categories":[1,72],"tags":[],"class_list":["post-129443","post","type-post","status-publish","format-standard","hentry","category-startseite","category-jugend"],"_links":{"self":[{"href":"https:\/\/www.fuldaernachrichten.de\/index.php?rest_route=\/wp\/v2\/posts\/129443","targetHints":{"allow":["GET"]}}],"collection":[{"href":"https:\/\/www.fuldaernachrichten.de\/index.php?rest_route=\/wp\/v2\/posts"}],"about":[{"href":"https:\/\/www.fuldaernachrichten.de\/index.php?rest_route=\/wp\/v2\/types\/post"}],"author":[{"embeddable":true,"href":"https:\/\/www.fuldaernachrichten.de\/index.php?rest_route=\/wp\/v2\/users\/1"}],"replies":[{"embeddable":true,"href":"https:\/\/www.fuldaernachrichten.de\/index.php?rest_route=%2Fwp%2Fv2%2Fcomments&post=129443"}],"version-history":[{"count":1,"href":"https:\/\/www.fuldaernachrichten.de\/index.php?rest_route=\/wp\/v2\/posts\/129443\/revisions"}],"predecessor-version":[{"id":129444,"href":"https:\/\/www.fuldaernachrichten.de\/index.php?rest_route=\/wp\/v2\/posts\/129443\/revisions\/129444"}],"wp:attachment":[{"href":"https:\/\/www.fuldaernachrichten.de\/index.php?rest_route=%2Fwp%2Fv2%2Fmedia&parent=129443"}],"wp:term":[{"taxonomy":"category","embeddable":true,"href":"https:\/\/www.fuldaernachrichten.de\/index.php?rest_route=%2Fwp%2Fv2%2Fcategories&post=129443"},{"taxonomy":"post_tag","embeddable":true,"href":"https:\/\/www.fuldaernachrichten.de\/index.php?rest_route=%2Fwp%2Fv2%2Ftags&post=129443"}],"curies":[{"name":"wp","href":"https:\/\/api.w.org\/{rel}","templated":true}]}}