{"id":129436,"date":"2014-09-17T00:13:25","date_gmt":"2014-09-17T00:13:25","guid":{"rendered":"http:\/\/www.fuldaer-nachrichten.de\/?p=129436"},"modified":"2014-09-16T19:00:42","modified_gmt":"2014-09-16T19:00:42","slug":"zweite-familienfreizeit-im-landkreis-oberhavel-fuer-28-vogelsberger-und-begleiter-ein-tolles-erlebnis","status":"publish","type":"post","link":"https:\/\/www.fuldaernachrichten.de\/?p=129436","title":{"rendered":"Zweite Familienfreizeit im Landkreis Oberhavel: F\u00fcr 28 Vogelsberger und Begleiter ein tolles Erlebnis"},"content":{"rendered":"<p><a href=\"http:\/\/www.fuldaer-nachrichten.de\/wp-content\/uploads\/2014\/09\/FamilienfreizeitGeocaching.jpg\"><img decoding=\"async\" class=\"alignleft size-thumbnail wp-image-129437\" src=\"http:\/\/www.fuldaer-nachrichten.de\/wp-content\/uploads\/2014\/09\/FamilienfreizeitGeocaching-265x176.jpg\" alt=\"FamilienfreizeitGeocaching\" width=\"265\" height=\"176\" srcset=\"https:\/\/www.fuldaernachrichten.de\/wp-content\/uploads\/2014\/09\/FamilienfreizeitGeocaching-265x176.jpg 265w, https:\/\/www.fuldaernachrichten.de\/wp-content\/uploads\/2014\/09\/FamilienfreizeitGeocaching.jpg 600w\" sizes=\"(max-width: 265px) 100vw, 265px\" \/><\/a>Oberhavel. \u201eDie Familienfreizeit am Stechlinsee ist einfach wunderbar gewesen, richtig gelungen und sch\u00f6n!\u201c Silvia Lucas vom Jugendamt war auch bei der zweiten Familienfreizeit im Partnerkreis Oberhavel mit dabei. Mit ihrer Kollegin Hannah M\u00fcller leitete sie die Familienfreizeit 2014.\u00c2\u00a0 F\u00fcr eine Woche ging es an den wundersch\u00f6nen Stechlinsee in den Partnerkreis in Brandenburg.<!--more--><\/p>\n<p>Familien, Alleinerziehende und Pflegeeltern mit ihren Kindern bildeten mit den Begleitern eine gro\u00dfe Urlaubsfamilie. Und die Urlaubsfamilie hatte ein buntes Programm: Vormittags gab es f\u00fcr die Kleinen eine durch drei nebenamtliche Betreuerinnen des Jugendamtes\u00c2\u00a0 organisierte Kinderbetreuung, w\u00e4hrend dessen sich die Gro\u00dfen \u00fcber alles M\u00f6gliche austauschen konnten \u2013 von den gro\u00dfen und kleinen Alltagsproblemen bis hin zu Erziehungsfragen und der Problematik von Alleinerziehenden.<\/p>\n<p>An den Nachmittagen und Abenden standen gemeinsame Aktivit\u00e4ten wie Wandern und Geocaching, Tauchen, Theaterspiel, ein Besuch im Ziegeleimuseum Mildenberg, das viel gespielte Wikingerschach und Lagerfeuer auf dem Plan. \u201eLangeweile kam also nicht auf. Und aus der Gruppe kam der Wunsch, diese Familienfreizeit im n\u00e4chsten Jahr auf jeden Fall wieder anzubieten\u201c, freut sich Silvia Lucas.<\/p>\n","protected":false},"excerpt":{"rendered":"<div class=\"tmnf_excerpt\"><p>Oberhavel. \u201eDie Familienfreizeit am Stechlinsee ist einfach wunderbar gewesen, richtig gelungen und sch\u00f6n!\u201c Silvia Lucas vom Jugendamt war auch bei der zweiten Familienfreizeit im Partnerkreis Oberhavel mit dabei. Mit ihrer Kollegin Hannah M\u00fcller leitete sie die Familienfreizeit 2014.\u00c2\u00a0 F\u00fcr eine Woche ging es an den wundersch\u00f6nen Stechlinsee in den Partnerkreis in Brandenburg.<\/p>\n<\/div>","protected":false},"author":1,"featured_media":0,"comment_status":"closed","ping_status":"closed","sticky":false,"template":"","format":"standard","meta":{"footnotes":""},"categories":[1,72],"tags":[],"class_list":["post-129436","post","type-post","status-publish","format-standard","hentry","category-startseite","category-jugend"],"_links":{"self":[{"href":"https:\/\/www.fuldaernachrichten.de\/index.php?rest_route=\/wp\/v2\/posts\/129436","targetHints":{"allow":["GET"]}}],"collection":[{"href":"https:\/\/www.fuldaernachrichten.de\/index.php?rest_route=\/wp\/v2\/posts"}],"about":[{"href":"https:\/\/www.fuldaernachrichten.de\/index.php?rest_route=\/wp\/v2\/types\/post"}],"author":[{"embeddable":true,"href":"https:\/\/www.fuldaernachrichten.de\/index.php?rest_route=\/wp\/v2\/users\/1"}],"replies":[{"embeddable":true,"href":"https:\/\/www.fuldaernachrichten.de\/index.php?rest_route=%2Fwp%2Fv2%2Fcomments&post=129436"}],"version-history":[{"count":1,"href":"https:\/\/www.fuldaernachrichten.de\/index.php?rest_route=\/wp\/v2\/posts\/129436\/revisions"}],"predecessor-version":[{"id":129438,"href":"https:\/\/www.fuldaernachrichten.de\/index.php?rest_route=\/wp\/v2\/posts\/129436\/revisions\/129438"}],"wp:attachment":[{"href":"https:\/\/www.fuldaernachrichten.de\/index.php?rest_route=%2Fwp%2Fv2%2Fmedia&parent=129436"}],"wp:term":[{"taxonomy":"category","embeddable":true,"href":"https:\/\/www.fuldaernachrichten.de\/index.php?rest_route=%2Fwp%2Fv2%2Fcategories&post=129436"},{"taxonomy":"post_tag","embeddable":true,"href":"https:\/\/www.fuldaernachrichten.de\/index.php?rest_route=%2Fwp%2Fv2%2Ftags&post=129436"}],"curies":[{"name":"wp","href":"https:\/\/api.w.org\/{rel}","templated":true}]}}