{"id":12933,"date":"2008-10-21T01:55:28","date_gmt":"2008-10-20T23:55:28","guid":{"rendered":"http:\/\/www.schoene-nachrichten.de\/?p=12933"},"modified":"2008-12-15T13:16:47","modified_gmt":"2008-12-15T12:16:47","slug":"marco-koch-bei-der-adac-rallye-bad-emstal-das-mass-der-dinge","status":"publish","type":"post","link":"https:\/\/www.fuldaernachrichten.de\/?p=12933","title":{"rendered":"Marco Koch bei der ADAC Rallye Bad Emstal das Ma\u00df der Dinge"},"content":{"rendered":"<p><strong>Motorsport.<\/strong> Seinen Vorjahressieg konnte Udo Schiffmann nicht wiederholen. Marco Koch (Opel Kadett C Coupe) war mit seinem Beifahrer Stefan Assmann erneut der schnellste Rallyefahrer bei der 13. Auflage der ADAC Rallye Bad Emstal, die am vergangenen Samstag rund um Wolfhagen stattfand. Elf Sekunden hinter Koch platzierten sich J\u00f6rg Schuhej \/ Tanja Timmer (Mitsubishi Lancer Evo VI), weitere 17 Sekunden ben\u00f6tigten Udo Schiffmann \/ Steffen Reith (BMW M3) f\u00fcr den dritten Gesamtrang.<\/p>\n<p><strong>Fotos (24):<\/strong> Denny Rausch, Gordon Rausch<br \/>\n<strong>Flash-Video:<\/strong> Denny Rausch, Nico Rausch, Marco Hellwig \/ IPTV-Plus<\/p>\n<p><a title=\"Foto: Marco Hellwig\" rel=\"lightbox[roadtrip]\" href=\"http:\/\/www.schoene-nachrichten.de\/wp-content\/uploads\/2008\/Marco\/081011_bad-emstal_rallye_001.jpg\" target=\"_blank\"><img decoding=\"async\" src=\"http:\/\/www.schoene-nachrichten.de\/wp-content\/uploads\/2008\/Marco\/081011_bad-emstal_rallye_001.thumbnail.jpg\" alt=\"081011_bad-emstal_rallye_001.jpg\" width=\"128\" \/><\/a> <a title=\"Foto: Marco Hellwig\" rel=\"lightbox[roadtrip]\" href=\"http:\/\/www.schoene-nachrichten.de\/wp-content\/uploads\/2008\/Marco\/081011_bad-emstal_rallye_002.jpg\" target=\"_blank\"><img decoding=\"async\" src=\"http:\/\/www.schoene-nachrichten.de\/wp-content\/uploads\/2008\/Marco\/081011_bad-emstal_rallye_002.thumbnail.jpg\" alt=\"081011_bad-emstal_rallye_002.jpg\" width=\"128\" \/><\/a> <a title=\"Foto: Marco Hellwig\" rel=\"lightbox[roadtrip]\" href=\"http:\/\/www.schoene-nachrichten.de\/wp-content\/uploads\/2008\/Marco\/081011_bad-emstal_rallye_003.jpg\" target=\"_blank\"><img decoding=\"async\" src=\"http:\/\/www.schoene-nachrichten.de\/wp-content\/uploads\/2008\/Marco\/081011_bad-emstal_rallye_003.thumbnail.jpg\" alt=\"081011_bad-emstal_rallye_003.jpg\" width=\"128\" \/><\/a><\/p>\n<p><a title=\"Foto: Marco Hellwig\" rel=\"lightbox[roadtrip]\" href=\"http:\/\/www.schoene-nachrichten.de\/wp-content\/uploads\/2008\/Marco\/081011_bad-emstal_rallye_004.jpg\" target=\"_blank\"><img decoding=\"async\" src=\"http:\/\/www.schoene-nachrichten.de\/wp-content\/uploads\/2008\/Marco\/081011_bad-emstal_rallye_004.thumbnail.jpg\" alt=\"081011_bad-emstal_rallye_004.jpg\" width=\"128\" \/><\/a> <a title=\"Foto: Marco Hellwig\" rel=\"lightbox[roadtrip]\" href=\"http:\/\/www.schoene-nachrichten.de\/wp-content\/uploads\/2008\/Marco\/081011_bad-emstal_rallye_005.jpg\" target=\"_blank\"><img decoding=\"async\" src=\"http:\/\/www.schoene-nachrichten.de\/wp-content\/uploads\/2008\/Marco\/081011_bad-emstal_rallye_005.thumbnail.jpg\" alt=\"081011_bad-emstal_rallye_005.jpg\" width=\"128\" \/><\/a> <a title=\"Foto: Marco Hellwig\" rel=\"lightbox[roadtrip]\" href=\"http:\/\/www.schoene-nachrichten.de\/wp-content\/uploads\/2008\/Marco\/081011_bad-emstal_rallye_006.jpg\" target=\"_blank\"><img decoding=\"async\" src=\"http:\/\/www.schoene-nachrichten.de\/wp-content\/uploads\/2008\/Marco\/081011_bad-emstal_rallye_006.thumbnail.jpg\" alt=\"081011_bad-emstal_rallye_006.jpg\" width=\"128\" \/><\/a><br \/>\n<!--more--><\/p>\n<p>Mehr als 100 Teams gingen nach der technischen Abnahme und dem Abfahren der Pr\u00fcfungen an den Start. Auch in diesem Jahr war das Rallyezentrum der Parkplatz des Autohauses Ostmann in Wolfhagen, welches gleichzeitig die Premiere des neuen VW Golf VI feierte. Es fehlte an nichts: Schie\u00df- und Losbuden, mehrere Karussells, sowie &#8220;Kuhmelken&#8221;, Blasmusik und &#8220;Ochs am Spie\u00df&#8221; umrahmten die Feierlichtkeit und die Rallye 200. Sollte dies vielleicht ein neuer Trend in der Rallyeszene werden? Wer wei\u00df&#8230;<\/p>\n<p><a title=\"Foto: Marco Hellwig\" rel=\"lightbox[roadtrip]\" href=\"http:\/\/www.schoene-nachrichten.de\/wp-content\/uploads\/2008\/Marco\/081011_bad-emstal_rallye_007.jpg\" target=\"_blank\"><img decoding=\"async\" src=\"http:\/\/www.schoene-nachrichten.de\/wp-content\/uploads\/2008\/Marco\/081011_bad-emstal_rallye_007.thumbnail.jpg\" alt=\"081011_bad-emstal_rallye_007.jpg\" width=\"128\" \/><\/a> <a title=\"Foto: Marco Hellwig\" rel=\"lightbox[roadtrip]\" href=\"http:\/\/www.schoene-nachrichten.de\/wp-content\/uploads\/2008\/Marco\/081011_bad-emstal_rallye_008.jpg\" target=\"_blank\"><img decoding=\"async\" src=\"http:\/\/www.schoene-nachrichten.de\/wp-content\/uploads\/2008\/Marco\/081011_bad-emstal_rallye_008.thumbnail.jpg\" alt=\"081011_bad-emstal_rallye_008.jpg\" width=\"128\" \/><\/a> <a title=\"Foto: Marco Hellwig\" rel=\"lightbox[roadtrip]\" href=\"http:\/\/www.schoene-nachrichten.de\/wp-content\/uploads\/2008\/Marco\/081011_bad-emstal_rallye_009.jpg\" target=\"_blank\"><img decoding=\"async\" src=\"http:\/\/www.schoene-nachrichten.de\/wp-content\/uploads\/2008\/Marco\/081011_bad-emstal_rallye_009.thumbnail.jpg\" alt=\"081011_bad-emstal_rallye_009.jpg\" width=\"128\" \/><\/a><\/p>\n<p><a title=\"Foto: Marco Hellwig\" rel=\"lightbox[roadtrip]\" href=\"http:\/\/www.schoene-nachrichten.de\/wp-content\/uploads\/2008\/Marco\/081011_bad-emstal_rallye_010.jpg\" target=\"_blank\"><img decoding=\"async\" src=\"http:\/\/www.schoene-nachrichten.de\/wp-content\/uploads\/2008\/Marco\/081011_bad-emstal_rallye_010.thumbnail.jpg\" alt=\"081011_bad-emstal_rallye_010.jpg\" width=\"128\" \/><\/a> <a title=\"Foto: Marco Hellwig\" rel=\"lightbox[roadtrip]\" href=\"http:\/\/www.schoene-nachrichten.de\/wp-content\/uploads\/2008\/Marco\/081011_bad-emstal_rallye_011.jpg\" target=\"_blank\"><img decoding=\"async\" src=\"http:\/\/www.schoene-nachrichten.de\/wp-content\/uploads\/2008\/Marco\/081011_bad-emstal_rallye_011.thumbnail.jpg\" alt=\"081011_bad-emstal_rallye_011.jpg\" width=\"128\" \/><\/a> <a title=\"Foto: Marco Hellwig\" rel=\"lightbox[roadtrip]\" href=\"http:\/\/www.schoene-nachrichten.de\/wp-content\/uploads\/2008\/Marco\/081011_bad-emstal_rallye_012.jpg\" target=\"_blank\"><img decoding=\"async\" src=\"http:\/\/www.schoene-nachrichten.de\/wp-content\/uploads\/2008\/Marco\/081011_bad-emstal_rallye_012.thumbnail.jpg\" alt=\"081011_bad-emstal_rallye_012.jpg\" width=\"128\" \/><\/a><\/p>\n<p>F\u00fcnf verschiedene anspruchsvolle Wertungspr\u00fcfungen mit einer Gesamtl\u00e4nge von 35 Kilometern konnten der MSC Emstal und Rallyeleiter Manfred Lengemann erarbeiten. Es wurden die bew\u00e4rten Pr\u00fcfungen des letzten Jahres sowie eine von der Gemeinde genehmigte Strecke, welche die Rallye f\u00fcr Fahrer und Fans noch interessanter gestaltete, gefahren. Das erste Fahrzeug ging um 12:31 zur Pr\u00fcfung &#8220;Schwarzenberg&#8221; (Landau \/ Neu-Berich) Uhr an den Start. Auf dieser Pr\u00fcfung setzte Marco Koch die erste Bestzeit des Tages. Es folgten weitere vier Bestzeiten von ihm, zwei Bestzeiten konnte Schuhej auf sein Konto schreiben. Die weiteren Pr\u00fcfungen waren WP 2 &amp; 6 &#8220;Standort\u00fcbungsplatz&#8221; (Bad Arolsen), WP 3 und 7 &#8220;Helfenberg&#8221; (Altenhasungen \/ Philipinenthal), WP 4 &#8220;Russenweg&#8221; (Balhorn \/ Elbenberg) und WP 5 &#8220;Hessenturm&#8221; (Metze \/ Ermetheis).<\/p>\n<p><a title=\"Foto: Marco Hellwig\" rel=\"lightbox[roadtrip]\" href=\"http:\/\/www.schoene-nachrichten.de\/wp-content\/uploads\/2008\/Marco\/081011_bad-emstal_rallye_013.jpg\" target=\"_blank\"><img decoding=\"async\" src=\"http:\/\/www.schoene-nachrichten.de\/wp-content\/uploads\/2008\/Marco\/081011_bad-emstal_rallye_013.thumbnail.jpg\" alt=\"081011_bad-emstal_rallye_013.jpg\" width=\"128\" \/><\/a> <a title=\"Foto: Marco Hellwig\" rel=\"lightbox[roadtrip]\" href=\"http:\/\/www.schoene-nachrichten.de\/wp-content\/uploads\/2008\/Marco\/081011_bad-emstal_rallye_014.jpg\" target=\"_blank\"><img decoding=\"async\" src=\"http:\/\/www.schoene-nachrichten.de\/wp-content\/uploads\/2008\/Marco\/081011_bad-emstal_rallye_014.thumbnail.jpg\" alt=\"081011_bad-emstal_rallye_014.jpg\" width=\"128\" \/><\/a> <a title=\"Foto: Marco Hellwig\" rel=\"lightbox[roadtrip]\" href=\"http:\/\/www.schoene-nachrichten.de\/wp-content\/uploads\/2008\/Marco\/081011_bad-emstal_rallye_015.jpg\" target=\"_blank\"><img decoding=\"async\" src=\"http:\/\/www.schoene-nachrichten.de\/wp-content\/uploads\/2008\/Marco\/081011_bad-emstal_rallye_015.thumbnail.jpg\" alt=\"081011_bad-emstal_rallye_015.jpg\" width=\"128\" \/><\/a><\/p>\n<p><a title=\"Foto: Marco Hellwig\" rel=\"lightbox[roadtrip]\" href=\"http:\/\/www.schoene-nachrichten.de\/wp-content\/uploads\/2008\/Marco\/081011_bad-emstal_rallye_016.jpg\" target=\"_blank\"><img decoding=\"async\" src=\"http:\/\/www.schoene-nachrichten.de\/wp-content\/uploads\/2008\/Marco\/081011_bad-emstal_rallye_016.thumbnail.jpg\" alt=\"081011_bad-emstal_rallye_016.jpg\" width=\"128\" \/><\/a> <a title=\"Foto: Marco Hellwig\" rel=\"lightbox[roadtrip]\" href=\"http:\/\/www.schoene-nachrichten.de\/wp-content\/uploads\/2008\/Marco\/081011_bad-emstal_rallye_017.jpg\" target=\"_blank\"><img decoding=\"async\" src=\"http:\/\/www.schoene-nachrichten.de\/wp-content\/uploads\/2008\/Marco\/081011_bad-emstal_rallye_017.thumbnail.jpg\" alt=\"081011_bad-emstal_rallye_017.jpg\" width=\"128\" \/><\/a> <a title=\"Foto: Marco Hellwig\" rel=\"lightbox[roadtrip]\" href=\"http:\/\/www.schoene-nachrichten.de\/wp-content\/uploads\/2008\/Marco\/081011_bad-emstal_rallye_018.jpg\" target=\"_blank\"><img decoding=\"async\" src=\"http:\/\/www.schoene-nachrichten.de\/wp-content\/uploads\/2008\/Marco\/081011_bad-emstal_rallye_018.thumbnail.jpg\" alt=\"081011_bad-emstal_rallye_018.jpg\" width=\"128\" \/><\/a><\/p>\n<p><strong>Weitere Informationen und Ergebnisse unter www.msc-emstal.de.<\/strong><\/p>\n<p><a title=\"Foto: Marco Hellwig\" rel=\"lightbox[roadtrip]\" href=\"http:\/\/www.schoene-nachrichten.de\/wp-content\/uploads\/2008\/Marco\/081011_bad-emstal_rallye_019.jpg\" target=\"_blank\"><img decoding=\"async\" src=\"http:\/\/www.schoene-nachrichten.de\/wp-content\/uploads\/2008\/Marco\/081011_bad-emstal_rallye_019.thumbnail.jpg\" alt=\"081011_bad-emstal_rallye_019.jpg\" width=\"128\" \/><\/a> <a title=\"Foto: Marco Hellwig\" rel=\"lightbox[roadtrip]\" href=\"http:\/\/www.schoene-nachrichten.de\/wp-content\/uploads\/2008\/Marco\/081011_bad-emstal_rallye_020.jpg\" target=\"_blank\"><img decoding=\"async\" src=\"http:\/\/www.schoene-nachrichten.de\/wp-content\/uploads\/2008\/Marco\/081011_bad-emstal_rallye_020.thumbnail.jpg\" alt=\"081011_bad-emstal_rallye_020.jpg\" width=\"128\" \/><\/a> <a title=\"Foto: Marco Hellwig\" rel=\"lightbox[roadtrip]\" href=\"http:\/\/www.schoene-nachrichten.de\/wp-content\/uploads\/2008\/Marco\/081011_bad-emstal_rallye_021.jpg\" target=\"_blank\"><img decoding=\"async\" src=\"http:\/\/www.schoene-nachrichten.de\/wp-content\/uploads\/2008\/Marco\/081011_bad-emstal_rallye_021.thumbnail.jpg\" alt=\"081011_bad-emstal_rallye_021.jpg\" width=\"128\" \/><\/a><\/p>\n<p><a title=\"Foto: Marco Hellwig\" rel=\"lightbox[roadtrip]\" href=\"http:\/\/www.schoene-nachrichten.de\/wp-content\/uploads\/2008\/Marco\/081011_bad-emstal_rallye_022.jpg\" target=\"_blank\"><img decoding=\"async\" src=\"http:\/\/www.schoene-nachrichten.de\/wp-content\/uploads\/2008\/Marco\/081011_bad-emstal_rallye_022.thumbnail.jpg\" alt=\"081011_bad-emstal_rallye_022.jpg\" width=\"128\" \/><\/a> <a title=\"Foto: Marco Hellwig\" rel=\"lightbox[roadtrip]\" href=\"http:\/\/www.schoene-nachrichten.de\/wp-content\/uploads\/2008\/Marco\/081011_bad-emstal_rallye_023.jpg\" target=\"_blank\"><img decoding=\"async\" src=\"http:\/\/www.schoene-nachrichten.de\/wp-content\/uploads\/2008\/Marco\/081011_bad-emstal_rallye_023.thumbnail.jpg\" alt=\"081011_bad-emstal_rallye_023.jpg\" width=\"128\" \/><\/a> <a title=\"Foto: Marco Hellwig\" rel=\"lightbox[roadtrip]\" href=\"http:\/\/www.schoene-nachrichten.de\/wp-content\/uploads\/2008\/Marco\/081011_bad-emstal_rallye_024.jpg\" target=\"_blank\"><img decoding=\"async\" src=\"http:\/\/www.schoene-nachrichten.de\/wp-content\/uploads\/2008\/Marco\/081011_bad-emstal_rallye_024.thumbnail.jpg\" alt=\"081011_bad-emstal_rallye_024.jpg\" width=\"128\" \/><\/a><\/p>\n","protected":false},"excerpt":{"rendered":"<div class=\"tmnf_excerpt\"><p>Motorsport. Seinen Vorjahressieg konnte Udo Schiffmann nicht wiederholen. Marco Koch (Opel Kadett C Coupe) war mit seinem Beifahrer Stefan Assmann erneut der schnellste Rallyefahrer bei der 13. Auflage der ADAC Rallye Bad Emstal, die am vergangenen Samstag rund um Wolfhagen stattfand. Elf Sekunden hinter Koch platzierten sich J\u00f6rg Schuhej \/ Tanja Timmer (Mitsubishi Lancer Evo &hellip;<\/p>\n<\/div>","protected":false},"author":1,"featured_media":0,"comment_status":"closed","ping_status":"closed","sticky":false,"template":"","format":"standard","meta":{"footnotes":""},"categories":[1,35,54,79,46],"tags":[],"class_list":["post-12933","post","type-post","status-publish","format-standard","hentry","category-startseite","category-auto","category-bildergalerien","category-kino","category-sport"],"_links":{"self":[{"href":"https:\/\/www.fuldaernachrichten.de\/index.php?rest_route=\/wp\/v2\/posts\/12933","targetHints":{"allow":["GET"]}}],"collection":[{"href":"https:\/\/www.fuldaernachrichten.de\/index.php?rest_route=\/wp\/v2\/posts"}],"about":[{"href":"https:\/\/www.fuldaernachrichten.de\/index.php?rest_route=\/wp\/v2\/types\/post"}],"author":[{"embeddable":true,"href":"https:\/\/www.fuldaernachrichten.de\/index.php?rest_route=\/wp\/v2\/users\/1"}],"replies":[{"embeddable":true,"href":"https:\/\/www.fuldaernachrichten.de\/index.php?rest_route=%2Fwp%2Fv2%2Fcomments&post=12933"}],"version-history":[{"count":4,"href":"https:\/\/www.fuldaernachrichten.de\/index.php?rest_route=\/wp\/v2\/posts\/12933\/revisions"}],"predecessor-version":[{"id":17513,"href":"https:\/\/www.fuldaernachrichten.de\/index.php?rest_route=\/wp\/v2\/posts\/12933\/revisions\/17513"}],"wp:attachment":[{"href":"https:\/\/www.fuldaernachrichten.de\/index.php?rest_route=%2Fwp%2Fv2%2Fmedia&parent=12933"}],"wp:term":[{"taxonomy":"category","embeddable":true,"href":"https:\/\/www.fuldaernachrichten.de\/index.php?rest_route=%2Fwp%2Fv2%2Fcategories&post=12933"},{"taxonomy":"post_tag","embeddable":true,"href":"https:\/\/www.fuldaernachrichten.de\/index.php?rest_route=%2Fwp%2Fv2%2Ftags&post=12933"}],"curies":[{"name":"wp","href":"https:\/\/api.w.org\/{rel}","templated":true}]}}