{"id":12931,"date":"2008-10-21T00:08:00","date_gmt":"2008-10-20T22:08:00","guid":{"rendered":"http:\/\/www.schoene-nachrichten.de\/?p=12931"},"modified":"2008-10-21T00:37:07","modified_gmt":"2008-10-20T22:37:07","slug":"fuldaer-jungliberale-auf-landesebene-stark-vertreten","status":"publish","type":"post","link":"https:\/\/www.fuldaernachrichten.de\/?p=12931","title":{"rendered":"Fuldaer Jungliberale auf Landesebene stark vertreten"},"content":{"rendered":"<p><a rel=\"lightbox[roadtrip]\" href=\"http:\/\/www.schoene-nachrichten.de\/wp-content\/uploads\/2008\/10\/081020-julis.jpg\" target=\"_blank\"><img decoding=\"async\" class=\"alignnone size-thumbnail wp-image-12923\" title=\"081020-julis\" src=\"http:\/\/www.schoene-nachrichten.de\/wp-content\/uploads\/2008\/10\/081020-julis-128x85.jpg\" alt=\"\" hspace=\"5\" width=\"128\" height=\"85\" align=\"left\" \/><\/a><strong>Bad Hersfeld.<\/strong> Auf dem 51. Landeskongress der Jungen Liberalen (JuLis) Hessen ist der 22-j\u00e4hrige Fuldaer JuLi-Kreisvorsitzende, Mark Matthies (Foto), als Beisitzer in den neuen gesch\u00e4ftsf\u00fchrenden Landesvorstand mit 83% der Delegiertenstimmen gew\u00e4hlt worden. Matthies tritt damit zu seiner zweiten Amtszeit an. \u201eWir wollen die Wahrnehmung und Pr\u00e4senz der Jungen Liberalen auch im Hinblick auf Europa- und Bundestagswahl weiter st\u00e4rken\u201c, sagte Matthies in seiner Bewerbungsrede vor den Delegierten. \u201eDabei d\u00fcrfen die JuLis auch den<br \/>\nkonstruktiven Konflikt mit der Mutterpartei FDP nicht scheuen!\u201c<!--more-->Der Business-Administration-Student ist seit 2005 Mitglied der JuLis und der FDP. Mit den Kommunalwahlen im M\u00e4rz 2006 zog Matthies als j\u00fcngstes Mitglied in das Gemeindeparlament in seinem Heimatort Flieden ein.<br \/>\nDem gesch\u00e4ftsf\u00fchrenden Vorstand geh\u00f6ren au\u00dferdem der Landesvorsitzende Lasse Becker und die stellvertretenden Landesvorsitzenden Mona Model (Programmatik), Hendrik Silken (Organisation), Dennis Majewski (Presse und \u00d6ffentlichkeitsarbeit) und Birgit Kapp (Finanzen) an. Mit den drei weiteren Beisitzern Anne Schliep, Christian von Hobe und Tobias Fila wird der JuLi-Landesvorstand komplettiert.<\/p>\n<p>Neben den Wahlen zum neuen Landesvorstand diskutierten die zahlreich erschienen Jungen Liberalen ihre Position zum Leitantrag \u201eStark in der Fl\u00e4che \u2013 Liberale Inhalte f\u00fcr den l\u00e4ndlichen Raum\u201c, welcher auch gerade f\u00fcr den Landkreis Fulda interessant ist. Des weiteren wurde der Antrag der JuLis Fulda zur F\u00f6rderung der DDR-Aufkl\u00e4rung mit gro\u00dfer Mehrheit angenommen.<\/p>\n","protected":false},"excerpt":{"rendered":"<div class=\"tmnf_excerpt\"><p>Bad Hersfeld. Auf dem 51. Landeskongress der Jungen Liberalen (JuLis) Hessen ist der 22-j\u00e4hrige Fuldaer JuLi-Kreisvorsitzende, Mark Matthies (Foto), als Beisitzer in den neuen gesch\u00e4ftsf\u00fchrenden Landesvorstand mit 83% der Delegiertenstimmen gew\u00e4hlt worden. Matthies tritt damit zu seiner zweiten Amtszeit an. \u201eWir wollen die Wahrnehmung und Pr\u00e4senz der Jungen Liberalen auch im Hinblick auf Europa- und &hellip;<\/p>\n<\/div>","protected":false},"author":1,"featured_media":0,"comment_status":"closed","ping_status":"closed","sticky":false,"template":"","format":"standard","meta":{"footnotes":""},"categories":[1,72,29],"tags":[],"class_list":["post-12931","post","type-post","status-publish","format-standard","hentry","category-startseite","category-jugend","category-politik"],"_links":{"self":[{"href":"https:\/\/www.fuldaernachrichten.de\/index.php?rest_route=\/wp\/v2\/posts\/12931","targetHints":{"allow":["GET"]}}],"collection":[{"href":"https:\/\/www.fuldaernachrichten.de\/index.php?rest_route=\/wp\/v2\/posts"}],"about":[{"href":"https:\/\/www.fuldaernachrichten.de\/index.php?rest_route=\/wp\/v2\/types\/post"}],"author":[{"embeddable":true,"href":"https:\/\/www.fuldaernachrichten.de\/index.php?rest_route=\/wp\/v2\/users\/1"}],"replies":[{"embeddable":true,"href":"https:\/\/www.fuldaernachrichten.de\/index.php?rest_route=%2Fwp%2Fv2%2Fcomments&post=12931"}],"version-history":[{"count":0,"href":"https:\/\/www.fuldaernachrichten.de\/index.php?rest_route=\/wp\/v2\/posts\/12931\/revisions"}],"wp:attachment":[{"href":"https:\/\/www.fuldaernachrichten.de\/index.php?rest_route=%2Fwp%2Fv2%2Fmedia&parent=12931"}],"wp:term":[{"taxonomy":"category","embeddable":true,"href":"https:\/\/www.fuldaernachrichten.de\/index.php?rest_route=%2Fwp%2Fv2%2Fcategories&post=12931"},{"taxonomy":"post_tag","embeddable":true,"href":"https:\/\/www.fuldaernachrichten.de\/index.php?rest_route=%2Fwp%2Fv2%2Ftags&post=12931"}],"curies":[{"name":"wp","href":"https:\/\/api.w.org\/{rel}","templated":true}]}}