{"id":1293,"date":"2007-02-02T11:07:30","date_gmt":"2007-02-02T10:07:30","guid":{"rendered":"http:\/\/www.schoene-nachrichten.de\/?p=1293"},"modified":"2007-02-04T12:55:10","modified_gmt":"2007-02-04T11:55:10","slug":"erweitertes-psychoonkologisches-angebot-fur-krebspatienten-am-klinikum-fulda","status":"publish","type":"post","link":"https:\/\/www.fuldaernachrichten.de\/?p=1293","title":{"rendered":"Erweitertes psychoonkologisches Angebot f\u00fcr Krebspatienten am Klinikum Fulda"},"content":{"rendered":"<p><strong>Sch\u00f6nes aus Fulda.<\/strong> Tumorpatienten des Klinikums Fulda steht seit Dezember 2006 neben der umfassenden Kompetenz der Klinik f\u00fcr Psychiatrie und Psychotherapie sowie dem psychosozialen Dienst des Patienten-Beratungs-Zentrums eine in der Tumorklinik besch\u00e4ftigte, speziell ausgebildete Psychoonkologin zur Verf\u00fcgung, die hauptberuflich t\u00e4tig ist.<\/p>\n<p><strong>Fotos (2):<\/strong> Klinikum Fulda<\/p>\n<p><a target=\"_blank\" href=\"http:\/\/www.schoene-nachrichten.de\/wp-content\/uploads\/2007\/02\/070202_klinikum_2.jpg\" title=\"Foto: Klinikum Fulda\"><img decoding=\"async\" src=\"http:\/\/www.schoene-nachrichten.de\/wp-content\/uploads\/2007\/02\/070202_klinikum_2.thumbnail.jpg\" alt=\"070202_klinikum_2.jpg\" height=\"96\" id=\"image1295\" \/><\/a>\u00c2\u00a0<a target=\"_blank\" href=\"http:\/\/www.schoene-nachrichten.de\/wp-content\/uploads\/2007\/02\/070202_klinikum_1.jpg\" title=\"Foto: Klinikum Fulda\"><img decoding=\"async\" src=\"http:\/\/www.schoene-nachrichten.de\/wp-content\/uploads\/2007\/02\/070202_klinikum_1.thumbnail.jpg\" alt=\"070202_klinikum_1.jpg\" height=\"96\" id=\"image1294\" \/><\/a><\/p>\n<p><!--more-->Tumorpatienten und ihre Angeh\u00f6rigen haben, gleich an welcher Form des Krebses sie erkranken und wie ihre Heilungschancen sind, spezielle psychische Probleme, deren Betreuung Teil des ganzheitlichen Behandlungsangebotes am Klinikum Fulda ist. Dem Prinzip \u201eKompetenz durch Spezialisierung\u201c folgend, stellt das Klinikum als vom Land Hessen anerkanntes Tumorzentrum damit den Patienten ein Team von Krebsspezialisten zur Verf\u00fcgung.<\/p>\n<p>Die Diagnose Krebs bedeutet heute kein unmittelbares Todesurteil mehr. Fortschritte im Bereich der Forschung und deutlich verbesserte, individuell adaptierte Behandlungsmethoden haben in den letzten Jahren dazu gef\u00fchrt, dass immer mehr Betroffene geheilt werden k\u00f6nnen bzw. Immer l\u00e4nger mit einer onkologischen Erkrankung leben. Auf Grund dieser Entwicklung sehen sich zunehmend mehr Krebspatienten und deren Angeh\u00f6rige mit der Aufgabe konfrontiert, die Diagnose Krebs, die oft intensive und belastende Behandlung sowie die mit der Erkrankung verbundenen Risiken und Beeintr\u00e4chtigungen zu bew\u00e4ltigen.<\/p>\n<p>Am Klinikum Fulda ist die Diplom- Sozialarbeiterin Gabriele Sch\u00e4fer-Manusch bereits seit 1985 im psychosozialen Dienst des Patienten-Beratungs-Zentrums und seit 2005 als\u00c2\u00a0 Psychoonkologin t\u00e4tig. Der Schwerpunkt ihrer T\u00e4tigkeit\u00c2\u00a0 bezieht sich dabei auf die Beratung von Krebspatienten der Frauenklinik, Klinik f\u00fcr Allgemein- und Viszeralchirurgie, Klinik f\u00fcr Urologie und Kinderurologie, Tumorklinik sowie des Medizinischen Versorgungszentrums Osthessen. Gabriele Sch\u00e4fer-Manusch hat zudem an zahlreichen Fort- und Weiterbildungen teilgenommen, die die Vermittlung von Basiswissen in den verschiedenen Bereichen der klinischen Onkologie und der psychosozialen Betreuung zum Ziel haben. Sie hat\u00c2\u00a0 erfolgreich am Grundkurs der Weiterbildung \u201ePsychosoziale Onkologie\u201c der Deutschen Arbeitsgemeinschaft f\u00fcr Psychosoziale Onkologie teilgenommen und schlie\u00dft derzeit den Aufbaukurs an.<\/p>\n<p>Im Zentrum psychoonkologischer Arbeit steht die Befindlichkeit des krebskranken Patienten in seiner jeweiligen Lebenssituation sowie seine sozialen Bez\u00fcge. \u201eZentrales Ziel der Psychoonkologie ist die Begleitung und Unterst\u00fctzung der betroffenen Patienten bei der Bew\u00e4ltigung ihrer Erkrankung und die Schaffung m\u00f6glichst guter Voraussetzungen f\u00fcr den Krankheitsverlauf neben der medizinischen Therapie,\u201c erl\u00e4uterte Sch\u00e4fer-Manusch.<\/p>\n<p>Seit dem 01.11.2006 steht den betroffenen Krebspatienten im Klinikum Fulda, nun als weiterer Bestandteil des bereits vorhandenen interdisziplin\u00e4ren, multiprofessionellen und ganzheitlichen Behandlungs- und Therapieangebotes (Heileurythmie, Physiotherapie, Psychosozialer Dienst, Ern\u00e4hrungsbera-tung, Enteraler Betreuungsdienst, Wund- und Stomaberatung), auch psychologisch \u2013 psychotherapeutische Unterst\u00fctzung bei der Bew\u00e4ltigung ihrer Erkrankung zur Verf\u00fcgung.<\/p>\n<p>Mit Diplom-Psychologin Janina Simon, die in der Tumorklinik t\u00e4tig ist und als Ansprechpartner f\u00fcr die onkologischen Patienten zur Verf\u00fcgung steht, bietet das Klinikum Fulda seinen Patienten eine Ausweitung des bereits durch Gabriele Sch\u00e4fer\u2013Manusch bestehenden psychoonkologischen Behandlungsange-botes sowie\u00c2\u00a0 professionelle psychoonkologische Begleitung und Therapie. Janina Simon befindet sich kurz vor dem Abschluss des postgraduierten Weiterbildungsstudiengangs zur psychologischen Psychotherapeutin (Verhaltenstherapie) und absolviert am Universit\u00e4tsklinikum Hamburg Eppendorf eine psychoonkologische Weiterbildung.\u00c2\u00a0 \u201ePsychoonkologie besch\u00e4ftigt sich in Erg\u00e4nzung zu den medizinischen Behandlungsperspektiven, ma\u00dfgeblich mit psychosozialen Faktoren und Begleitumst\u00e4nden, die den Krankheitsverlauf beeinflussen\u201c, so\u00c2\u00a0 Simon. Unter psychosozialen Faktoren und Begleitumst\u00e4nden seien\u00c2\u00a0 insbesondere Krankheitsverarbeitung und Bew\u00e4ltigungsverhalten, wahrgenommene Lebensqualit\u00e4t und -intensit\u00e4t, Interaktion zwischen Patient und dessen sozialem Umfeld, Identit\u00e4ts- und Rollenfragen sowie Umgang mit Ver\u00e4nderungen des K\u00f6rperbildes und k\u00f6rperlichen Beeintr\u00e4chtigungen zu verstehen. Die Interventionen folgen dabei dem Leitbild \u201eIndividuelle Hilfe zur Selbsthilfe\u201c.<\/p>\n<p>Auf dieser Basis umfasst das Spektrum psychoonkologischer Behandlungen am Klinikum Fulda sowohl Patienteninformation und \u2013aufkl\u00e4rung, Anleitung und Unterst\u00fctzung, aber auch gezielte psychotherapeutische Interventionen und Angebote f\u00fcr Angeh\u00f6rige. Derzeit steht das psychoonkologische Angebot haupts\u00e4chlich station\u00e4ren Patienten zur Verf\u00fcgung, geplant ist aber auch eine Ausweitung des Angebotes auf den ambulanten Bereich.\u00c2\u00a0 Janina Simon wird \u00fcber die Arbeit mit den Patienten hinaus, auch f\u00fcr die onkologisch t\u00e4tigen Mitarbeiter am Klinikum Fulda, M\u00f6glichkeiten zur Reflektion der eigenen T\u00e4tigkeit und zur psychologischen Qualifizierung anbieten. Die regelm\u00e4\u00dfig Teilnahme am Arbeitskreis Psychoonkologie Hessen (APH)\u00c2\u00a0 erm\u00f6glicht Simon und Sch\u00e4fer-Manusch eine fortw\u00e4hrende Reflektion der eigenen Arbeit sowie einen interdisziplin\u00e4ren Austausch mit Fachkollegen.<\/p>\n","protected":false},"excerpt":{"rendered":"<div class=\"tmnf_excerpt\"><p>Sch\u00f6nes aus Fulda. Tumorpatienten des Klinikums Fulda steht seit Dezember 2006 neben der umfassenden Kompetenz der Klinik f\u00fcr Psychiatrie und Psychotherapie sowie dem psychosozialen Dienst des Patienten-Beratungs-Zentrums eine in der Tumorklinik besch\u00e4ftigte, speziell ausgebildete Psychoonkologin zur Verf\u00fcgung, die hauptberuflich t\u00e4tig ist. Fotos (2): Klinikum Fulda \u00c2\u00a0<\/p>\n<\/div>","protected":false},"author":1,"featured_media":0,"comment_status":"closed","ping_status":"closed","sticky":false,"template":"","format":"standard","meta":{"footnotes":""},"categories":[1,51],"tags":[],"class_list":["post-1293","post","type-post","status-publish","format-standard","hentry","category-startseite","category-medizin"],"_links":{"self":[{"href":"https:\/\/www.fuldaernachrichten.de\/index.php?rest_route=\/wp\/v2\/posts\/1293","targetHints":{"allow":["GET"]}}],"collection":[{"href":"https:\/\/www.fuldaernachrichten.de\/index.php?rest_route=\/wp\/v2\/posts"}],"about":[{"href":"https:\/\/www.fuldaernachrichten.de\/index.php?rest_route=\/wp\/v2\/types\/post"}],"author":[{"embeddable":true,"href":"https:\/\/www.fuldaernachrichten.de\/index.php?rest_route=\/wp\/v2\/users\/1"}],"replies":[{"embeddable":true,"href":"https:\/\/www.fuldaernachrichten.de\/index.php?rest_route=%2Fwp%2Fv2%2Fcomments&post=1293"}],"version-history":[{"count":0,"href":"https:\/\/www.fuldaernachrichten.de\/index.php?rest_route=\/wp\/v2\/posts\/1293\/revisions"}],"wp:attachment":[{"href":"https:\/\/www.fuldaernachrichten.de\/index.php?rest_route=%2Fwp%2Fv2%2Fmedia&parent=1293"}],"wp:term":[{"taxonomy":"category","embeddable":true,"href":"https:\/\/www.fuldaernachrichten.de\/index.php?rest_route=%2Fwp%2Fv2%2Fcategories&post=1293"},{"taxonomy":"post_tag","embeddable":true,"href":"https:\/\/www.fuldaernachrichten.de\/index.php?rest_route=%2Fwp%2Fv2%2Ftags&post=1293"}],"curies":[{"name":"wp","href":"https:\/\/api.w.org\/{rel}","templated":true}]}}