{"id":129263,"date":"2014-09-13T00:12:17","date_gmt":"2014-09-13T00:12:17","guid":{"rendered":"http:\/\/www.fuldaer-nachrichten.de\/?p=129263"},"modified":"2014-09-12T09:51:58","modified_gmt":"2014-09-12T09:51:58","slug":"kreisjugendfeuerwehr-fulda-international-in-berlin","status":"publish","type":"post","link":"https:\/\/www.fuldaernachrichten.de\/?p=129263","title":{"rendered":"Kreisjugendfeuerwehr Fulda &#8211; international in Berlin"},"content":{"rendered":"<p><a href=\"http:\/\/www.fuldaer-nachrichten.de\/wp-content\/uploads\/2014\/09\/Glaskuppel-Reichstagsgeb\u00e4ude1.jpg\"><img fetchpriority=\"high\" decoding=\"async\" class=\"alignleft size-thumbnail wp-image-129266\" src=\"http:\/\/www.fuldaer-nachrichten.de\/wp-content\/uploads\/2014\/09\/Glaskuppel-Reichstagsgeb\u00e4ude1-265x198.jpg\" alt=\"Glaskuppel Reichstagsgeb\u00e4ude\" width=\"265\" height=\"198\" \/><\/a>Fulda. Seit nunmehr 4 Jahren ist die Internationale Jugendarbeit ein Programmschwerpunkt im Jahresprogramm der Kreisjugendfeuerwehr Fulda. So konnten wir in diesem Jahr wieder eine Delegation der kroatischen Jugendfeuerwehren aus Halubjan und Zlobin (beide Region Rijeka) in Fulda begr\u00fc\u00dfen und eine gemeinsame Woche in Berlin verbringen.<!--more--><\/p>\n<p><a href=\"http:\/\/www.fuldaer-nachrichten.de\/wp-content\/uploads\/2014\/09\/Brandenburger-Tor.jpg\"><img decoding=\"async\" class=\"alignleft size-thumbnail wp-image-129264\" src=\"http:\/\/www.fuldaer-nachrichten.de\/wp-content\/uploads\/2014\/09\/Brandenburger-Tor-265x353.jpg\" alt=\"Brandenburger-Tor\" width=\"265\" height=\"353\" srcset=\"https:\/\/www.fuldaernachrichten.de\/wp-content\/uploads\/2014\/09\/Brandenburger-Tor-265x353.jpg 265w, https:\/\/www.fuldaernachrichten.de\/wp-content\/uploads\/2014\/09\/Brandenburger-Tor-198x265.jpg 198w, https:\/\/www.fuldaernachrichten.de\/wp-content\/uploads\/2014\/09\/Brandenburger-Tor-450x600.jpg 450w, https:\/\/www.fuldaernachrichten.de\/wp-content\/uploads\/2014\/09\/Brandenburger-Tor.jpg 600w\" sizes=\"(max-width: 265px) 100vw, 265px\" \/><\/a>Nach einem guten Jahr der Vorbereitung und Planung, durch Kreisbrandmeister Michael Knoth, konnten die beiden kroatischen Jugendfeuerwehren nach 16-st\u00fcndiger Anreise auf dem Rastplatz in Eichenzell begr\u00fc\u00dft werden. Anschlie\u00dfend f\u00fchren die beiden Feuerwehrfahrzeuge mit der Aufschrift &#8220;Vatrogasci&#8221; nach Burghaun. Hier wartete eine vorbereitete Unterkunft im dortigen Feuerwehrhaus, f\u00fcr die Tage im Landkreis Fulda.<\/p>\n<p>Der erste Tag im Landkreis Fulda war von einem ruhigen Programm gepr\u00e4gt und bot die M\u00f6glichkeit der Erholung nach der langen Anreise. So gab es nach einem ausgewogenen Fr\u00fchst\u00fcck im Feuerwehrhaus Burghaun einen ruhigen Besuch am Haunestausee und sp\u00e4ter ein selbst zubereitetes Mittagessen im Feuerwehrhaus Petersberg-Marbach. Nach einer Runde Minigolf an der Weiheranlage Burghaun klang der Sonntag bei einem gem\u00fctlichen Grillabend aus.<\/p>\n<p>Am folgenden Montagmorgen startete auch sogleich eine au\u00dfergew\u00f6hnliche wie auch spannende Fahrt nach Berlin. Die gemischte Gruppe von 19 Personen fuhr per ICE nach Berlin. Bereits die ersten Minuten im Bahnhof Fulda und dem ICE hinterlie\u00dfen einen gro\u00dfen Eindruck bei den kroatischen Jugendlichen und lie\u00df erahnen was noch folgen wird.<\/p>\n<p><a href=\"http:\/\/www.fuldaer-nachrichten.de\/wp-content\/uploads\/2014\/09\/Bundeskanzleramt.jpg\"><img decoding=\"async\" class=\"alignleft size-thumbnail wp-image-129267\" src=\"http:\/\/www.fuldaer-nachrichten.de\/wp-content\/uploads\/2014\/09\/Bundeskanzleramt-265x198.jpg\" alt=\"Bundeskanzleramt\" width=\"265\" height=\"198\" srcset=\"https:\/\/www.fuldaernachrichten.de\/wp-content\/uploads\/2014\/09\/Bundeskanzleramt-265x198.jpg 265w, https:\/\/www.fuldaernachrichten.de\/wp-content\/uploads\/2014\/09\/Bundeskanzleramt.jpg 600w\" sizes=\"(max-width: 265px) 100vw, 265px\" \/><\/a>Die Reisegruppe war zentral in N\u00e4he des Hauptbahnhofs in Berlin untergebracht und konnte daher alle geplanten Ziele einfach erreichen. Von den ersten Eindr\u00fccken in Berlin beeindruckt, startete das Programm mit einem Besuch des &#8220;Bundesministeriums der Verteidigung&#8221; inklusive einer F\u00fchrung und Pr\u00e4sentation des Ministeriums. Den Abschluss des Tages bildete ein Besuch des Potsdamer Platzes und Sony-Centers in Berlin.<\/p>\n<p>Am Dienstag folgte die Gruppe der Einladung der Bundestagsabgeordneten Birgit K\u00f6mpel (SPD) in das Reichstagsgeb\u00e4ude, um mehr \u00fcber die Arbeit des Deutschen Bundestages zu erfahren und ein pers\u00f6nliches Gespr\u00e4ch zu f\u00fchren. Hierbei nahm sich Frau K\u00f6mpel trotz der Sommerpause viel Zeit und ging intensiv auf die Fragen der Jugendlichen ein. Abschlie\u00dfend verabschiedete sie ihre begeisterten G\u00e4ste, nach einer Besichtigung der Reichstagskuppel, in das Paul-L\u00f6be-Haus zum Mittagessen. Vom Essen gest\u00e4rkt, startete die Gruppe den ersten Teil der Stadtf\u00fchrung und lernte so \u00fcber die Woche verteilt, Berlin mit seinen Sehensw\u00fcrdigkeiten und Geschichte kennen.<\/p>\n<p>Weiterhin konnte die Gruppe auf mehrere Besuchstermine zur\u00fcckgreifen, welche mit Unterst\u00fctzung des B\u00fcros von Bundestagsabgeordneten Michael Brand (CDU) realisiert wurden. Unter anderem stand ein Besuch des Bundeskanzleramtes, der Parlamentarischen Ausstellung im &#8220;Deutschen Dom&#8221; und ein Empfang in der Kroatischen Botschaft auf dem Programm.<\/p>\n<p>Ebenso wurden neben der Ausstellung &#8220;Topographie des Terrors&#8221; und der Kaiser-Wilhelm-Ged\u00e4chtniskirche, auch die zentralen Gedenkst\u00e4tten der NS-Zeit in Berlin besucht. So konnte f\u00fcr Beide L\u00e4nder ein umfassendes Bild \u00fcber die historische Rolle in dieser Zeit geschaffen werden. Hier war es f\u00fcr die Teilnehmer auch besonders interessant den sp\u00e4teren Weg der beiden L\u00e4nder in die jetzige Zeit zu vergleichen.<\/p>\n<p>Weitere H\u00f6hepunkte des Programms in Berlin bot neben einem Besuch im Kaufhaus des Westens, eine Besteigung der Siegess\u00e4ule und die folgende Verschnaufpause im Tiergarten, sowie ein Besuch der Stadtfeuerwehrwache Berlin-Ranke. Hier konnte nicht nur die Feuerwache ausf\u00fchrlich besichtig werden, sondern auch sogleich die Dynamik eines gleichzeitig eingetroffenen Alarms erlebt werden.<\/p>\n<p>Die Woche in Berlin ging sehr schnell rum und am Ende waren die Teilnehmer zwar ersch\u00f6pft aber auch gl\u00fccklich so viel von Berlin gesehen zu haben. Gerade f\u00fcr die kroatischen G\u00e4ste war dieser Besuch in der Hauptstadt Deutschlands ein unvergessliches, vielleicht auch einmaliges Erlebnis, was aber sehr lange in Erinnerung bleiben wird.<\/p>\n<p>Den Abschluss der gemeinsamen Zeit verbrachten die Gruppen wieder im Landkreis Fulda. Die Bundespolizei in H\u00fcnfeld stellte ihre T\u00e4tigkeitsfelder vor, gab Einblicke in den Alltag des Bundespolizei und der eingesetzten Technik. Besonders beliebt waren hierbei Fotos vor den anwesenden Puma-Hubschraubern, den Sonderwagen und Wasserwerfen.<\/p>\n<p>Wer von den kroatischen G\u00e4sten in der Nacht vor der Heimreise noch etwas Besonderes erleben wollte, konnte als Besucher an der Rettungs\u00fcbung im Schl\u00fcchterner-Tunnel das T\u00e4tigkeitsfeld der hiesigen Feuerwehren und Hilfsorganisationen anschauen.<\/p>\n<p>Die Kreisjugendfeuerwehr Fulda wird auch zuk\u00fcnftig die freundschaftliche Verbindung nach Kroatien pflegen und die Planungen f\u00fcr das kommende Jahr sind bereits im Gange. In 2015 allerdings wird wieder eine Reisegruppe aus dem Landkreis Fulda den Weg nach Kroatien suchen und Gast bei den Kroatischen Jugendfeuerwehren sein.<\/p>\n","protected":false},"excerpt":{"rendered":"<div class=\"tmnf_excerpt\"><p>Fulda. Seit nunmehr 4 Jahren ist die Internationale Jugendarbeit ein Programmschwerpunkt im Jahresprogramm der Kreisjugendfeuerwehr Fulda. So konnten wir in diesem Jahr wieder eine Delegation der kroatischen Jugendfeuerwehren aus Halubjan und Zlobin (beide Region Rijeka) in Fulda begr\u00fc\u00dfen und eine gemeinsame Woche in Berlin verbringen.<\/p>\n<\/div>","protected":false},"author":1,"featured_media":0,"comment_status":"closed","ping_status":"closed","sticky":false,"template":"","format":"standard","meta":{"footnotes":""},"categories":[1,71],"tags":[],"class_list":["post-129263","post","type-post","status-publish","format-standard","hentry","category-startseite","category-feuerwehr"],"_links":{"self":[{"href":"https:\/\/www.fuldaernachrichten.de\/index.php?rest_route=\/wp\/v2\/posts\/129263","targetHints":{"allow":["GET"]}}],"collection":[{"href":"https:\/\/www.fuldaernachrichten.de\/index.php?rest_route=\/wp\/v2\/posts"}],"about":[{"href":"https:\/\/www.fuldaernachrichten.de\/index.php?rest_route=\/wp\/v2\/types\/post"}],"author":[{"embeddable":true,"href":"https:\/\/www.fuldaernachrichten.de\/index.php?rest_route=\/wp\/v2\/users\/1"}],"replies":[{"embeddable":true,"href":"https:\/\/www.fuldaernachrichten.de\/index.php?rest_route=%2Fwp%2Fv2%2Fcomments&post=129263"}],"version-history":[{"count":1,"href":"https:\/\/www.fuldaernachrichten.de\/index.php?rest_route=\/wp\/v2\/posts\/129263\/revisions"}],"predecessor-version":[{"id":129268,"href":"https:\/\/www.fuldaernachrichten.de\/index.php?rest_route=\/wp\/v2\/posts\/129263\/revisions\/129268"}],"wp:attachment":[{"href":"https:\/\/www.fuldaernachrichten.de\/index.php?rest_route=%2Fwp%2Fv2%2Fmedia&parent=129263"}],"wp:term":[{"taxonomy":"category","embeddable":true,"href":"https:\/\/www.fuldaernachrichten.de\/index.php?rest_route=%2Fwp%2Fv2%2Fcategories&post=129263"},{"taxonomy":"post_tag","embeddable":true,"href":"https:\/\/www.fuldaernachrichten.de\/index.php?rest_route=%2Fwp%2Fv2%2Ftags&post=129263"}],"curies":[{"name":"wp","href":"https:\/\/api.w.org\/{rel}","templated":true}]}}