{"id":129143,"date":"2014-09-10T00:12:26","date_gmt":"2014-09-10T00:12:26","guid":{"rendered":"http:\/\/www.fuldaer-nachrichten.de\/?p=129143"},"modified":"2014-09-09T16:09:42","modified_gmt":"2014-09-09T16:09:42","slug":"gelungene-premiere-fuer-das-erste-dinner-in-weiss-in-fulda","status":"publish","type":"post","link":"https:\/\/www.fuldaernachrichten.de\/?p=129143","title":{"rendered":"Gelungene Premiere f\u00fcr das erste \u201eDinner in Wei\u00df\u201c in Fulda"},"content":{"rendered":"<p><a href=\"http:\/\/www.fuldaer-nachrichten.de\/wp-content\/uploads\/2014\/09\/a2.jpg\"><img decoding=\"async\" class=\"alignleft size-thumbnail wp-image-129144\" src=\"http:\/\/www.fuldaer-nachrichten.de\/wp-content\/uploads\/2014\/09\/a2-265x179.jpg\" alt=\"a2\" width=\"265\" height=\"179\" srcset=\"https:\/\/www.fuldaernachrichten.de\/wp-content\/uploads\/2014\/09\/a2-265x179.jpg 265w, https:\/\/www.fuldaernachrichten.de\/wp-content\/uploads\/2014\/09\/a2.jpg 600w\" sizes=\"(max-width: 265px) 100vw, 265px\" \/><\/a>Fulda. Strahlender Sonnenschein verwandelte am Freitag den Fuldaer Badegarten in eine edle Kulisse f\u00fcr das erste Wei\u00dfe Dinner in Fulda. Wer am Freitagabend durch den Badegarten schlenderte, staunte nicht schlecht \u00fcber das, was er dort sah. An edel gedeckten Tischen dinierten wei\u00df gekleidete Menschen. Ilona G\u00f6tz, Mitarbeiterin der AWO Fulda, brachte die deutschlandweite Bewegung, auch bekannt als Diner en blanc, nach Fulda. Mit dem Anspruch, einem guten Zweck zu dienen, wurden Spenden f\u00fcr die AWO Jugendarbeit gesammelt.<!--more--><\/p>\n<p><a href=\"http:\/\/www.fuldaer-nachrichten.de\/wp-content\/uploads\/2014\/09\/t1.jpg\"><img fetchpriority=\"high\" decoding=\"async\" class=\"alignleft size-thumbnail wp-image-129145\" src=\"http:\/\/www.fuldaer-nachrichten.de\/wp-content\/uploads\/2014\/09\/t1-265x189.jpg\" alt=\"t1\" width=\"265\" height=\"189\" srcset=\"https:\/\/www.fuldaernachrichten.de\/wp-content\/uploads\/2014\/09\/t1-265x189.jpg 265w, https:\/\/www.fuldaernachrichten.de\/wp-content\/uploads\/2014\/09\/t1.jpg 600w\" sizes=\"(max-width: 265px) 100vw, 265px\" \/><\/a>Das Ambiente f\u00fcr das erste Wei\u00dfe Dinner in Fulda h\u00e4tte perfekter nicht sein k\u00f6nnen. Die Sonne strahlte und der Wind strich lau durch das gr\u00fcne Gel\u00e4nde am Badegarten. Viele G\u00e4ste hatten sich hier mit Freunden verabredet, um einen besonderen Abend zu verbringen. Jeder der wollte konnte an dem \u00f6ffentlichen Picknick teilnehmen. Gegen 18 Uhr trafen die ersten G\u00e4ste ein und nahmen an den von der AWO zur Verf\u00fcgung gestellten und festlich dekorierten Tischen und B\u00e4nken Platz. Einige hatten auch der originalen Idee folgend die eigenen Tische und St\u00fchle dabei. Die mitgebrachten Speisen wurden in wei\u00dfem Geschirr aufgetragen.<\/p>\n<p>Zur Untermalung spielte das Duo Zeitensprung. Die beiden Musiker Thilo Tschorn und Kalle Ziegler sorgten mit erstklassiger Gitarrenmusik und Gesang f\u00fcr Wohlf\u00fchlstimmung. Am Ende des Abends waren sich alle einig, dass diese Veranstaltung im n\u00e4chsten Jahr wieder organisiert werden sollte. Und wenn der Badegarten zu klein wird, gibt es in Fulda noch mehr Gr\u00fcnfl\u00e4che!<\/p>\n","protected":false},"excerpt":{"rendered":"<div class=\"tmnf_excerpt\"><p>Fulda. Strahlender Sonnenschein verwandelte am Freitag den Fuldaer Badegarten in eine edle Kulisse f\u00fcr das erste Wei\u00dfe Dinner in Fulda. Wer am Freitagabend durch den Badegarten schlenderte, staunte nicht schlecht \u00fcber das, was er dort sah. An edel gedeckten Tischen dinierten wei\u00df gekleidete Menschen. Ilona G\u00f6tz, Mitarbeiterin der AWO Fulda, brachte die deutschlandweite Bewegung, auch &hellip;<\/p>\n<\/div>","protected":false},"author":1,"featured_media":0,"comment_status":"closed","ping_status":"closed","sticky":false,"template":"","format":"standard","meta":{"footnotes":""},"categories":[1,37],"tags":[],"class_list":["post-129143","post","type-post","status-publish","format-standard","hentry","category-startseite","category-essen-und-trinken"],"_links":{"self":[{"href":"https:\/\/www.fuldaernachrichten.de\/index.php?rest_route=\/wp\/v2\/posts\/129143","targetHints":{"allow":["GET"]}}],"collection":[{"href":"https:\/\/www.fuldaernachrichten.de\/index.php?rest_route=\/wp\/v2\/posts"}],"about":[{"href":"https:\/\/www.fuldaernachrichten.de\/index.php?rest_route=\/wp\/v2\/types\/post"}],"author":[{"embeddable":true,"href":"https:\/\/www.fuldaernachrichten.de\/index.php?rest_route=\/wp\/v2\/users\/1"}],"replies":[{"embeddable":true,"href":"https:\/\/www.fuldaernachrichten.de\/index.php?rest_route=%2Fwp%2Fv2%2Fcomments&post=129143"}],"version-history":[{"count":1,"href":"https:\/\/www.fuldaernachrichten.de\/index.php?rest_route=\/wp\/v2\/posts\/129143\/revisions"}],"predecessor-version":[{"id":129146,"href":"https:\/\/www.fuldaernachrichten.de\/index.php?rest_route=\/wp\/v2\/posts\/129143\/revisions\/129146"}],"wp:attachment":[{"href":"https:\/\/www.fuldaernachrichten.de\/index.php?rest_route=%2Fwp%2Fv2%2Fmedia&parent=129143"}],"wp:term":[{"taxonomy":"category","embeddable":true,"href":"https:\/\/www.fuldaernachrichten.de\/index.php?rest_route=%2Fwp%2Fv2%2Fcategories&post=129143"},{"taxonomy":"post_tag","embeddable":true,"href":"https:\/\/www.fuldaernachrichten.de\/index.php?rest_route=%2Fwp%2Fv2%2Ftags&post=129143"}],"curies":[{"name":"wp","href":"https:\/\/api.w.org\/{rel}","templated":true}]}}