{"id":129057,"date":"2014-09-09T00:10:40","date_gmt":"2014-09-09T00:10:40","guid":{"rendered":"http:\/\/www.fuldaer-nachrichten.de\/?p=129057"},"modified":"2014-09-08T19:28:51","modified_gmt":"2014-09-08T19:28:51","slug":"schuljahr-startet-mit-mehr-als-20-000-schuelerinnen-und-schuelern","status":"publish","type":"post","link":"https:\/\/www.fuldaernachrichten.de\/?p=129057","title":{"rendered":"Schuljahr startet mit mehr als 20.000 Sch\u00fclerinnen und Sch\u00fclern"},"content":{"rendered":"<div id=\"attachment_129059\" style=\"width: 275px\" class=\"wp-caption alignleft\"><a href=\"http:\/\/www.fuldaer-nachrichten.de\/wp-content\/uploads\/2014\/09\/Schulamt-2014-15.jpg\"><img decoding=\"async\" aria-describedby=\"caption-attachment-129059\" class=\"size-thumbnail wp-image-129059\" src=\"http:\/\/www.fuldaer-nachrichten.de\/wp-content\/uploads\/2014\/09\/Schulamt-2014-15-265x175.jpg\" alt=\"Der stellvertretende Amtsleiter des Staatlichen Schulamtes, Stephan Schmitt (rechts), pr\u00e4sentierte die aktuellen Zahlen zusammen mit Schulamtsdirektorin Eleonore Reuthe. Links Pressesprecher Ralf Kleemann.\" width=\"265\" height=\"175\" srcset=\"https:\/\/www.fuldaernachrichten.de\/wp-content\/uploads\/2014\/09\/Schulamt-2014-15-265x175.jpg 265w, https:\/\/www.fuldaernachrichten.de\/wp-content\/uploads\/2014\/09\/Schulamt-2014-15.jpg 600w\" sizes=\"(max-width: 265px) 100vw, 265px\" \/><\/a><p id=\"caption-attachment-129059\" class=\"wp-caption-text\">Der stellvertretende Amtsleiter des Staatlichen Schulamtes, Stephan Schmitt (rechts), pr\u00e4sentierte die aktuellen Zahlen zusammen mit Schulamtsdirektorin Eleonore Reuthe. Links Pressesprecher Ralf Kleemann.<\/p><\/div>\n<p>Fulda. Nach sechs Wochen Sommerferien startet nun \u2013 insgesamt drei Wochen sp\u00e4ter als im Vorjahr \u2013 das neue Schuljahr mit insgesamt mehr als 20000 Sch\u00fclerinnen Sch\u00fclern an den Schulen der hiesigen Region. Hinzu kommen noch vermutlich rund 9000 Sch\u00fcler an den beruflichen Schulen. \u201eDer Start in das neue Schuljahr wird ohne Probleme vonstatten gehen\u201c gibt sich Stephan Schmitt optimistisch. Der Leitende Schulamtsdirektor f\u00fchrt als stellvertretender Amtsleiter nach der Pensionierung von Dr. Michael von R\u00fcden seit Anfang August die Amtsgesch\u00e4fte der Schulbeh\u00f6rde. \u201eDie Schulen des Schulamtsbezirks stehen Gewehr bei Fu\u00df, die Unterrichtsversorgung ist durchg\u00e4ngig gew\u00e4hrleistet, und wir haben die ben\u00f6tigte Lehrerversorgung erhalten\u201c, begr\u00fcndet Schmitt seinen Optimismus.<!--more--><\/p>\n<p>Belegt wird diese Prognose durch die aktuellen Zahlen, die Schmitt zusammen mit Schulamtsdirektorin Eleonore Reuther und Pressesprecher Ralf Kleemann pr\u00e4sentierte. Insgesamt 90 \u00f6ffentliche Schulen (Privatschulen nicht mitgerechnet) gew\u00e4hrleisten den Bildungsauftrag, wobei die Grundschulen mit 55 das Gros der Einrichtungen stellen. Nachdem die Eberhardschule in Tann nach dem Auslaufen des Hauptschulzweiges nur noch als Grundschule fungiert, in Flieden die F\u00f6rderstufe f\u00fcr die Klasse 5 nicht mehr angeboten wird und die Grundschule in Schwarzbach vor dem letzten Schuljahr vor ihrer Schlie\u00dfung steht, sind derzeit keine weiteren Schlie\u00dfungen geplant und auch keine weiteren Schulen beziehungsweise Schulformen akut gef\u00e4hrdet.<\/p>\n<p>Dennoch ist ein signifikanter R\u00fcckgang der Sch\u00fclerzahlen von insgesamt 677 zu verzeichnen, der erstmals alle Schulformen betrifft. Mit 225 beziehungsweise 167 f\u00e4llt der R\u00fcckgang bei den Realschulen und den Grundschulen dabei am deutlichsten aus. \u201eDas ist eindeutig der demographischen Entwicklung geschuldet\u201c, erl\u00e4utert Schulamtsdirektor Schmitt. Dieser R\u00fcckgang hat auch einen R\u00fcckgang von insgesamt 34 Lehrerstellen zur Folge, der jedoch nahezu deckungsgleich durch Pensionierungen abgedeckt wird. Allerdings: Die Zahl der Neueinstellungen f\u00e4llt in diesem Jahr f\u00fcr alle Schulformen so niedrig wie seit langem nicht mehr aus. Die Abdeckung an den Schulen mit Lehrerstellen liegt bei allen Schulen bei der vom Kultusministerium gew\u00e4hrleisteten Vorgabe von 104 Prozent, die lediglich bei den beruflichen Schulen noch nicht erreicht ist.<\/p>\n<p>Abschlie\u00dfend wurde noch erw\u00e4hnt, dass die Antonius-von Padua-Schule in Fulda erstmalig in diesem Schuljahr als eine inklusive Grundschule an den Start geht. 36 Schulen firmieren mittlerweile unter dem Pr\u00e4dikat \u201eGanztagsschulen\u201c, wobei 33 das Profil eins (Angebot f\u00fcr drei bis vier Tage) und drei das Profil zwei (Ganztagsangebot an allen f\u00fcnf Tagen) zur Anwendung bringen.<\/p>\n<p>Als Fazit bliebe festzuhalten, dass der Schulamtsbezirk Fulda in allen Bereichen abermals sehr gut aufgestellt ist und nicht zuletzt mit durch eine enge Vernetzung mit den Schultr\u00e4gern Stadt Fulda sowie Landkreis quantitativ und qualitativ bestens ger\u00fcstet in das neue Schuljahr geht, das dann am 24. Juli 2015 enden wird.<\/p>\n","protected":false},"excerpt":{"rendered":"<div class=\"tmnf_excerpt\"><p>Fulda. Nach sechs Wochen Sommerferien startet nun \u2013 insgesamt drei Wochen sp\u00e4ter als im Vorjahr \u2013 das neue Schuljahr mit insgesamt mehr als 20000 Sch\u00fclerinnen Sch\u00fclern an den Schulen der hiesigen Region. Hinzu kommen noch vermutlich rund 9000 Sch\u00fcler an den beruflichen Schulen. \u201eDer Start in das neue Schuljahr wird ohne Probleme vonstatten gehen\u201c gibt &hellip;<\/p>\n<\/div>","protected":false},"author":1,"featured_media":0,"comment_status":"closed","ping_status":"closed","sticky":false,"template":"","format":"standard","meta":{"footnotes":""},"categories":[1],"tags":[],"class_list":["post-129057","post","type-post","status-publish","format-standard","hentry","category-startseite"],"_links":{"self":[{"href":"https:\/\/www.fuldaernachrichten.de\/index.php?rest_route=\/wp\/v2\/posts\/129057","targetHints":{"allow":["GET"]}}],"collection":[{"href":"https:\/\/www.fuldaernachrichten.de\/index.php?rest_route=\/wp\/v2\/posts"}],"about":[{"href":"https:\/\/www.fuldaernachrichten.de\/index.php?rest_route=\/wp\/v2\/types\/post"}],"author":[{"embeddable":true,"href":"https:\/\/www.fuldaernachrichten.de\/index.php?rest_route=\/wp\/v2\/users\/1"}],"replies":[{"embeddable":true,"href":"https:\/\/www.fuldaernachrichten.de\/index.php?rest_route=%2Fwp%2Fv2%2Fcomments&post=129057"}],"version-history":[{"count":1,"href":"https:\/\/www.fuldaernachrichten.de\/index.php?rest_route=\/wp\/v2\/posts\/129057\/revisions"}],"predecessor-version":[{"id":129060,"href":"https:\/\/www.fuldaernachrichten.de\/index.php?rest_route=\/wp\/v2\/posts\/129057\/revisions\/129060"}],"wp:attachment":[{"href":"https:\/\/www.fuldaernachrichten.de\/index.php?rest_route=%2Fwp%2Fv2%2Fmedia&parent=129057"}],"wp:term":[{"taxonomy":"category","embeddable":true,"href":"https:\/\/www.fuldaernachrichten.de\/index.php?rest_route=%2Fwp%2Fv2%2Fcategories&post=129057"},{"taxonomy":"post_tag","embeddable":true,"href":"https:\/\/www.fuldaernachrichten.de\/index.php?rest_route=%2Fwp%2Fv2%2Ftags&post=129057"}],"curies":[{"name":"wp","href":"https:\/\/api.w.org\/{rel}","templated":true}]}}