{"id":129012,"date":"2014-09-05T00:11:09","date_gmt":"2014-09-05T00:11:09","guid":{"rendered":"http:\/\/www.fuldaer-nachrichten.de\/?p=129012"},"modified":"2014-09-04T13:57:36","modified_gmt":"2014-09-04T13:57:36","slug":"buecherbasar-zugunsten-der-telefonseelsorge-6","status":"publish","type":"post","link":"https:\/\/www.fuldaernachrichten.de\/?p=129012","title":{"rendered":"B\u00fccherbasar zugunsten der Telefonseelsorge"},"content":{"rendered":"<p>Fulda. Der F\u00f6rderverein der Telefonseelsorge Fulda veranstaltet am Samstag, 6. September, von 10 bis 15 Uhr einen B\u00fccherbasar im Evangelischen Zentrum, Haus Oranien, Heinrich-von-Bibra-Platz 14. Zus\u00e4tzlich werden neuwertige, noch verpackte Bilderrahmen in verschiedenen Gr\u00f6\u00dfen angeboten. Wie immer gibt es Kaffee und Kuchen. Der Erl\u00f6s des Basars kommt dem Dienst der ehrenamtlichen Mitarbeiter der Telefonseelsorge zugute.<\/p>\n","protected":false},"excerpt":{"rendered":"<div class=\"tmnf_excerpt\"><p>Fulda. Der F\u00f6rderverein der Telefonseelsorge Fulda veranstaltet am Samstag, 6. September, von 10 bis 15 Uhr einen B\u00fccherbasar im Evangelischen Zentrum, Haus Oranien, Heinrich-von-Bibra-Platz 14. Zus\u00e4tzlich werden neuwertige, noch verpackte Bilderrahmen in verschiedenen Gr\u00f6\u00dfen angeboten. Wie immer gibt es Kaffee und Kuchen. Der Erl\u00f6s des Basars kommt dem Dienst der ehrenamtlichen Mitarbeiter der Telefonseelsorge zugute.<\/p>\n<\/div>","protected":false},"author":1,"featured_media":0,"comment_status":"closed","ping_status":"closed","sticky":false,"template":"","format":"standard","meta":{"footnotes":""},"categories":[1,44],"tags":[],"class_list":["post-129012","post","type-post","status-publish","format-standard","hentry","category-startseite","category-kultur"],"_links":{"self":[{"href":"https:\/\/www.fuldaernachrichten.de\/index.php?rest_route=\/wp\/v2\/posts\/129012","targetHints":{"allow":["GET"]}}],"collection":[{"href":"https:\/\/www.fuldaernachrichten.de\/index.php?rest_route=\/wp\/v2\/posts"}],"about":[{"href":"https:\/\/www.fuldaernachrichten.de\/index.php?rest_route=\/wp\/v2\/types\/post"}],"author":[{"embeddable":true,"href":"https:\/\/www.fuldaernachrichten.de\/index.php?rest_route=\/wp\/v2\/users\/1"}],"replies":[{"embeddable":true,"href":"https:\/\/www.fuldaernachrichten.de\/index.php?rest_route=%2Fwp%2Fv2%2Fcomments&post=129012"}],"version-history":[{"count":1,"href":"https:\/\/www.fuldaernachrichten.de\/index.php?rest_route=\/wp\/v2\/posts\/129012\/revisions"}],"predecessor-version":[{"id":129013,"href":"https:\/\/www.fuldaernachrichten.de\/index.php?rest_route=\/wp\/v2\/posts\/129012\/revisions\/129013"}],"wp:attachment":[{"href":"https:\/\/www.fuldaernachrichten.de\/index.php?rest_route=%2Fwp%2Fv2%2Fmedia&parent=129012"}],"wp:term":[{"taxonomy":"category","embeddable":true,"href":"https:\/\/www.fuldaernachrichten.de\/index.php?rest_route=%2Fwp%2Fv2%2Fcategories&post=129012"},{"taxonomy":"post_tag","embeddable":true,"href":"https:\/\/www.fuldaernachrichten.de\/index.php?rest_route=%2Fwp%2Fv2%2Ftags&post=129012"}],"curies":[{"name":"wp","href":"https:\/\/api.w.org\/{rel}","templated":true}]}}