{"id":128998,"date":"2014-09-05T00:15:42","date_gmt":"2014-09-05T00:15:42","guid":{"rendered":"http:\/\/www.fuldaer-nachrichten.de\/?p=128998"},"modified":"2014-09-04T13:52:50","modified_gmt":"2014-09-04T13:52:50","slug":"der-spaetlesereiter-ist-angekommen","status":"publish","type":"post","link":"https:\/\/www.fuldaernachrichten.de\/?p=128998","title":{"rendered":"Der Sp\u00e4tlesereiter ist angekommen"},"content":{"rendered":"<p><a href=\"http:\/\/www.fuldaer-nachrichten.de\/wp-content\/uploads\/2014\/09\/DSCN0051.jpg\"><img fetchpriority=\"high\" decoding=\"async\" class=\"alignleft size-thumbnail wp-image-129001\" src=\"http:\/\/www.fuldaer-nachrichten.de\/wp-content\/uploads\/2014\/09\/DSCN0051-265x198.jpg\" alt=\"DSCN0051\" width=\"265\" height=\"198\" srcset=\"https:\/\/www.fuldaernachrichten.de\/wp-content\/uploads\/2014\/09\/DSCN0051-265x198.jpg 265w, https:\/\/www.fuldaernachrichten.de\/wp-content\/uploads\/2014\/09\/DSCN0051.jpg 600w\" sizes=\"(max-width: 265px) 100vw, 265px\" \/><\/a>Der Sp\u00e4tlesereiter von Johannisberg im Rheingau ist bereits in Fulda angekommen, um die Lesegenehmigung einzuholen. Das konnten Mitglieder und G\u00e4ste des Weinhistorischen Konventes Samstag, 30. August live erleben. \u00dcber 60 Weinfreunde erlebten einen genussvollen Abend im Refektorium der ehemaligen Benediktinerabtei, also an historischem Ort. Die Weine an diesem Abend pr\u00e4sentiert Gerhard Gro\u00df vom Weingut Goldatzel in Johannisberg. Damit wurde im 25. Jahr eine weitere Br\u00fccke zur Fuldaer Weingeschichte geschlagen. F\u00fcr Essen und Service sorgten in \u00fcblicher Brillianz Andre Bronner (Alt-Elsass), das Team vom \u201eTr\u00fcffel\u201c und die Mitarbeiterinnen der K\u00fcche des Priesterseminars. Prof. Dr. Richard Hartmann, Kapitels\u00e4ltester konnte 5 der 12 neuen Mitglieder aufnehmen (Foto), andere waren wegen Ferientermin noch verhindert. Das Menuettensemble des Konventes (Foto) und die Fuldaer Stadtmusikanten umrahmten den festlichen Abend.<!--more--><\/p>\n<p><a href=\"http:\/\/www.fuldaer-nachrichten.de\/wp-content\/uploads\/2014\/09\/DSCN0137.jpg\"><img decoding=\"async\" class=\"alignleft size-thumbnail wp-image-129002\" src=\"http:\/\/www.fuldaer-nachrichten.de\/wp-content\/uploads\/2014\/09\/DSCN0137-265x198.jpg\" alt=\"DSCN0137\" width=\"265\" height=\"198\" srcset=\"https:\/\/www.fuldaernachrichten.de\/wp-content\/uploads\/2014\/09\/DSCN0137-265x198.jpg 265w, https:\/\/www.fuldaernachrichten.de\/wp-content\/uploads\/2014\/09\/DSCN0137.jpg 600w\" sizes=\"(max-width: 265px) 100vw, 265px\" \/><\/a>Die Sp\u00e4tlese steht auch im Mittelpunkt des letzten \u201eW\u00e4ck, Woarscht on Wie\u201c am Samstag, 13, September 14 \u2013 18:30 Uhr im Garten der Weingeschichte, unserem Weinberg am Frauenberg. Dabei k\u00f6nnen die Spezialisten sehen, dass wir noch ein paar sonnige Tage f\u00fcr unsere Lese erhoffen. Aus dem Keller des Konventes werden 7 verschiedene Sp\u00e4tlese zur Verkostung angedient. Der Polizeichor Fulda erfreut ab 15 Uhr mit weinseligen Liedern und die klassische Grundversorgung wird \u2013 nach der Verknappung im August \u2013 reichlich zur Verf\u00fcgung stehen.<\/p>\n<p>Preisgekr\u00f6nte Rieslinge werden beim n\u00e4chsten Weinforum am 19.9. 2014 um 19:30 im Weinberg pr\u00e4sentiert. Im Oktober, am 17.10. gibt es dann spezielle Erfahrungen mit Wein und Holz, also besonders den Barriqueweinen. Detaillierte Infos auf der Website <a href=\"http:\/\/www.weinhistorischer-konvent.de\">www.weinhistorischer-konvent.de<\/a> Anmeldung zu den Weinforen wie \u00fcblich beim Kapitels\u00e4ltesten <a href=\"mailto:Hartmann@weinhistorischer-konvent.de\">Hartmann@weinhistorischer-konvent.de<\/a><\/p>\n","protected":false},"excerpt":{"rendered":"<div class=\"tmnf_excerpt\"><p>Der Sp\u00e4tlesereiter von Johannisberg im Rheingau ist bereits in Fulda angekommen, um die Lesegenehmigung einzuholen. Das konnten Mitglieder und G\u00e4ste des Weinhistorischen Konventes Samstag, 30. August live erleben. \u00dcber 60 Weinfreunde erlebten einen genussvollen Abend im Refektorium der ehemaligen Benediktinerabtei, also an historischem Ort. Die Weine an diesem Abend pr\u00e4sentiert Gerhard Gro\u00df vom Weingut Goldatzel &hellip;<\/p>\n<\/div>","protected":false},"author":1,"featured_media":0,"comment_status":"closed","ping_status":"closed","sticky":false,"template":"","format":"standard","meta":{"footnotes":""},"categories":[1,37],"tags":[],"class_list":["post-128998","post","type-post","status-publish","format-standard","hentry","category-startseite","category-essen-und-trinken"],"_links":{"self":[{"href":"https:\/\/www.fuldaernachrichten.de\/index.php?rest_route=\/wp\/v2\/posts\/128998","targetHints":{"allow":["GET"]}}],"collection":[{"href":"https:\/\/www.fuldaernachrichten.de\/index.php?rest_route=\/wp\/v2\/posts"}],"about":[{"href":"https:\/\/www.fuldaernachrichten.de\/index.php?rest_route=\/wp\/v2\/types\/post"}],"author":[{"embeddable":true,"href":"https:\/\/www.fuldaernachrichten.de\/index.php?rest_route=\/wp\/v2\/users\/1"}],"replies":[{"embeddable":true,"href":"https:\/\/www.fuldaernachrichten.de\/index.php?rest_route=%2Fwp%2Fv2%2Fcomments&post=128998"}],"version-history":[{"count":1,"href":"https:\/\/www.fuldaernachrichten.de\/index.php?rest_route=\/wp\/v2\/posts\/128998\/revisions"}],"predecessor-version":[{"id":129003,"href":"https:\/\/www.fuldaernachrichten.de\/index.php?rest_route=\/wp\/v2\/posts\/128998\/revisions\/129003"}],"wp:attachment":[{"href":"https:\/\/www.fuldaernachrichten.de\/index.php?rest_route=%2Fwp%2Fv2%2Fmedia&parent=128998"}],"wp:term":[{"taxonomy":"category","embeddable":true,"href":"https:\/\/www.fuldaernachrichten.de\/index.php?rest_route=%2Fwp%2Fv2%2Fcategories&post=128998"},{"taxonomy":"post_tag","embeddable":true,"href":"https:\/\/www.fuldaernachrichten.de\/index.php?rest_route=%2Fwp%2Fv2%2Ftags&post=128998"}],"curies":[{"name":"wp","href":"https:\/\/api.w.org\/{rel}","templated":true}]}}