{"id":128917,"date":"2014-09-03T06:16:34","date_gmt":"2014-09-03T06:16:34","guid":{"rendered":"http:\/\/www.fuldaer-nachrichten.de\/?p=128917"},"modified":"2014-09-03T06:16:34","modified_gmt":"2014-09-03T06:16:34","slug":"dirigent-sir-neville-marriner-und-der-jungen-deutschen-philharmonie-zu-gast-in-fulda","status":"publish","type":"post","link":"https:\/\/www.fuldaernachrichten.de\/?p=128917","title":{"rendered":"Dirigent Sir Neville Marriner und der Jungen Deutschen Philharmonie zu Gast in Fulda"},"content":{"rendered":"<p><a href=\"http:\/\/www.fuldaer-nachrichten.de\/wp-content\/uploads\/2014\/09\/jdph-oh-09_2013-48482_ba_v1_fv_A4.jpg\"><img fetchpriority=\"high\" decoding=\"async\" class=\"alignleft size-thumbnail wp-image-128918\" src=\"http:\/\/www.fuldaer-nachrichten.de\/wp-content\/uploads\/2014\/09\/jdph-oh-09_2013-48482_ba_v1_fv_A4-265x284.jpg\" alt=\"jdph oh 09_2013 48482_ba_v1_fv_A4\" width=\"265\" height=\"284\" srcset=\"https:\/\/www.fuldaernachrichten.de\/wp-content\/uploads\/2014\/09\/jdph-oh-09_2013-48482_ba_v1_fv_A4-265x284.jpg 265w, https:\/\/www.fuldaernachrichten.de\/wp-content\/uploads\/2014\/09\/jdph-oh-09_2013-48482_ba_v1_fv_A4-246x265.jpg 246w, https:\/\/www.fuldaernachrichten.de\/wp-content\/uploads\/2014\/09\/jdph-oh-09_2013-48482_ba_v1_fv_A4-558x600.jpg 558w, https:\/\/www.fuldaernachrichten.de\/wp-content\/uploads\/2014\/09\/jdph-oh-09_2013-48482_ba_v1_fv_A4.jpg 600w\" sizes=\"(max-width: 265px) 100vw, 265px\" \/><\/a>Fulda. Die Junge Deutsche Philharmonie versammelt die besten Studierenden deutschsprachiger Musikhochschulen und formt sie, nach bestandenem Probespiel, zu einem Klangk\u00f6rper mit h\u00f6chsten k\u00fcnstlerischen Anspr\u00fcchen. Zum demokratisch strukturierten Orchester geh\u00f6rt das Engagement der Mitglieder in Gremien. Durch Vorstandsarbeit, Programmplanung, Workshops und Projekte f\u00fchrt der Ausbildungsanspruch der Jungen Deutschen Philharmonie weit \u00fcber das Orchesterspiel hinaus. Damit stellt sie ein wichtiges Bindeglied zwischen dem Studium an den Musikhochschulen und dem Berufsleben dar. Die Orchestermitglieder im Alter von 18 bis 28 Jahren kommen mehrmals j\u00e4hrlich zu konzentrierten Probenphasen mit anschlie\u00dfenden internationalen Konzerttourneen und Gastspielen zusammen, die von gro\u00dfen und weltbekannten\u00c2\u00a0 Dirigentengeleitet werden.<!--more--><\/p>\n<p>Im September 2014 wird die Junge Deutsche Philharmonie bei dem Projekt \u201eJunge Klassik \u2013 Epoche mit Zukunft\u201c mit dem hochkar\u00e4tigen Dirigenten Sir Neville Marriner zusammenarbeiten, der nach der gesundheitsbedingten Absage von Christopher Hogwood kurzfristig f\u00fcr das Projekt gewonnen werden konnte.<\/p>\n<p>Eines der f\u00fcnf Konzerte wird am Dienstag, 9. September 2014 um 20 Uhr im Schlosstheater Fulda stattfinden. Auf dem Programm des Konzertabends stehen die Symphonie classique von Sergej Prokofieff, die Sinfonia concertante f\u00fcr Violine, Violoncello, Oboe und Fagott von Bohuslav Martinu, von Alfred Schnittke: Moz-Art \u00c3\u00a0 la Haydn und die Sinfonie Nr. 103 (mit dem Paukenwirbel) von Joseph Haydn. Eintrittskarten sind erh\u00e4ltlich im B\u00fcrgerb\u00fcro, Schlossstr. 1, und im Theaterb\u00fcro, Schlossstr. 5, Telefon: (0661) 102-1483.<\/p>\n","protected":false},"excerpt":{"rendered":"<div class=\"tmnf_excerpt\"><p>Fulda. Die Junge Deutsche Philharmonie versammelt die besten Studierenden deutschsprachiger Musikhochschulen und formt sie, nach bestandenem Probespiel, zu einem Klangk\u00f6rper mit h\u00f6chsten k\u00fcnstlerischen Anspr\u00fcchen. Zum demokratisch strukturierten Orchester geh\u00f6rt das Engagement der Mitglieder in Gremien. Durch Vorstandsarbeit, Programmplanung, Workshops und Projekte f\u00fchrt der Ausbildungsanspruch der Jungen Deutschen Philharmonie weit \u00fcber das Orchesterspiel hinaus. Damit stellt &hellip;<\/p>\n<\/div>","protected":false},"author":1,"featured_media":0,"comment_status":"closed","ping_status":"closed","sticky":false,"template":"","format":"standard","meta":{"footnotes":""},"categories":[1,44],"tags":[],"class_list":["post-128917","post","type-post","status-publish","format-standard","hentry","category-startseite","category-kultur"],"_links":{"self":[{"href":"https:\/\/www.fuldaernachrichten.de\/index.php?rest_route=\/wp\/v2\/posts\/128917","targetHints":{"allow":["GET"]}}],"collection":[{"href":"https:\/\/www.fuldaernachrichten.de\/index.php?rest_route=\/wp\/v2\/posts"}],"about":[{"href":"https:\/\/www.fuldaernachrichten.de\/index.php?rest_route=\/wp\/v2\/types\/post"}],"author":[{"embeddable":true,"href":"https:\/\/www.fuldaernachrichten.de\/index.php?rest_route=\/wp\/v2\/users\/1"}],"replies":[{"embeddable":true,"href":"https:\/\/www.fuldaernachrichten.de\/index.php?rest_route=%2Fwp%2Fv2%2Fcomments&post=128917"}],"version-history":[{"count":1,"href":"https:\/\/www.fuldaernachrichten.de\/index.php?rest_route=\/wp\/v2\/posts\/128917\/revisions"}],"predecessor-version":[{"id":128919,"href":"https:\/\/www.fuldaernachrichten.de\/index.php?rest_route=\/wp\/v2\/posts\/128917\/revisions\/128919"}],"wp:attachment":[{"href":"https:\/\/www.fuldaernachrichten.de\/index.php?rest_route=%2Fwp%2Fv2%2Fmedia&parent=128917"}],"wp:term":[{"taxonomy":"category","embeddable":true,"href":"https:\/\/www.fuldaernachrichten.de\/index.php?rest_route=%2Fwp%2Fv2%2Fcategories&post=128917"},{"taxonomy":"post_tag","embeddable":true,"href":"https:\/\/www.fuldaernachrichten.de\/index.php?rest_route=%2Fwp%2Fv2%2Ftags&post=128917"}],"curies":[{"name":"wp","href":"https:\/\/api.w.org\/{rel}","templated":true}]}}