{"id":128914,"date":"2014-09-03T06:12:53","date_gmt":"2014-09-03T06:12:53","guid":{"rendered":"http:\/\/www.fuldaer-nachrichten.de\/?p=128914"},"modified":"2014-09-03T06:12:53","modified_gmt":"2014-09-03T06:12:53","slug":"sieben-neue-tagesmuetter-fuer-kinderbetreuung","status":"publish","type":"post","link":"https:\/\/www.fuldaernachrichten.de\/?p=128914","title":{"rendered":"Sieben neue Tagesm\u00fctter f\u00fcr Kinderbetreuung"},"content":{"rendered":"<div id=\"attachment_128915\" style=\"width: 275px\" class=\"wp-caption alignleft\"><a href=\"http:\/\/www.fuldaer-nachrichten.de\/wp-content\/uploads\/2014\/09\/image001.jpg\"><img decoding=\"async\" aria-describedby=\"caption-attachment-128915\" class=\"size-thumbnail wp-image-128915\" src=\"http:\/\/www.fuldaer-nachrichten.de\/wp-content\/uploads\/2014\/09\/image001-265x168.jpg\" alt=\"Sie haben die Grundqualifizierung zur Tagespflege mit 60 Unterrichtsstunden abgeschlossen (hinten, von links): Daniela Bauernfeind, Britta J\u00f6ckel, Saskia Herr, Liane Dietz, (vorne, von links): Karoline Lazrak, Alexandra Steil-Wehr und Anna Wolf. Koordinatorin Marga Michelsons und Ausbilderin Christiane Becker-Ott (hinten, von rechts) gratulierten den neuen Tagesm\u00fcttern. Foto: Vogelsbergkreis.  \" width=\"265\" height=\"168\" srcset=\"https:\/\/www.fuldaernachrichten.de\/wp-content\/uploads\/2014\/09\/image001-265x168.jpg 265w, https:\/\/www.fuldaernachrichten.de\/wp-content\/uploads\/2014\/09\/image001.jpg 512w\" sizes=\"(max-width: 265px) 100vw, 265px\" \/><\/a><p id=\"caption-attachment-128915\" class=\"wp-caption-text\">Sie haben die Grundqualifizierung zur Tagespflege mit 60 Unterrichtsstunden abgeschlossen (hinten, von links): Daniela Bauernfeind, Britta J\u00f6ckel, Saskia Herr, Liane Dietz, (vorne, von links): Karoline Lazrak, Alexandra Steil-Wehr und Anna Wolf. Koordinatorin Marga Michelsons und Ausbilderin Christiane Becker-Ott (hinten, von rechts) gratulierten den neuen Tagesm\u00fcttern. Foto: Vogelsbergkreis.<\/p><\/div>\n<p>Vogelsbergkreis. Mit gro\u00dfer Freude \u00fcberreichte Marga Michelsons als neue Koordinatorin der Kindertagespflege im Vogelsbergkreis sieben weiteren Tagesm\u00fcttern ihre Zertifikate. Sie alle haben den Grundqualifizierungskurs f\u00fcr die Kindertagespflege erfolgreich bestanden und stehen nun f\u00fcr die Betreuung von Kindern zwischen 0 und 14 Jahren als Tagesm\u00fctter zur Verf\u00fcgung.<!--more--><\/p>\n<p>Besonders wegen der hohen Flexibilit\u00e4t und Individualit\u00e4t der Betreuung in einer kleinen familien\u00e4hnlichen Gruppe ist das Angebot der Tagespflege bei vielen Eltern gefragt. \u201eAuch deshalb, weil diese Form der Kinderbetreuung den speziellen Bed\u00fcrfnissen von Kindern und der gesamten Familie gerecht wird und auch Zeiten abdeckt, in denen Kinderkrippen, Kindertagesst\u00e4tten oder Schulen geschlossen sind\u201c, erg\u00e4nzt Marga Michelsons.<\/p>\n<p>Die Beratung, Qualifizierung, Begleitung und Vermittlung der Kindertagespflegepersonen erfolgt im Vogelsbergkreis in enger Zusammenarbeit zwischen der Koordinationsstelle Kindertagesbetreuung des Jugendamtes, der Volkshochschule und der Neuen Arbeit Vogelsbergkreis.<\/p>\n<p>In dem Kurs wurden unter Anderem wichtige rechtliche, p\u00e4dagogische und psychologische Aspekte der Kindertagespflege vermittelt, die Voraussetzung f\u00fcr die Aus\u00fcbung einer T\u00e4tigkeit als Tagesmutter oder -vater sind. Im November 2014 wird ein weiterer Grundqualifizierungskurs in Lauterbach angeboten. F\u00fcr die Teilnehmer fallen keine Kursgeb\u00fchren an.<\/p>\n<p>Interessierte Personen, aber auch Eltern, die eine Betreuung ben\u00f6tigen, k\u00f6nnen sich an die Koordinationsstelle Kindertagesbetreuung des Jugendamtes des Vogelsbergkreises wenden. Die Ansprechpartnerin, Marga Michelsons, ist unter der Telefonnummer 06641-977-4200 oder der Mailadresse kindertagespflege@vogelsbergkreis.de zu erreichen.<\/p>\n","protected":false},"excerpt":{"rendered":"<div class=\"tmnf_excerpt\"><p>Vogelsbergkreis. Mit gro\u00dfer Freude \u00fcberreichte Marga Michelsons als neue Koordinatorin der Kindertagespflege im Vogelsbergkreis sieben weiteren Tagesm\u00fcttern ihre Zertifikate. Sie alle haben den Grundqualifizierungskurs f\u00fcr die Kindertagespflege erfolgreich bestanden und stehen nun f\u00fcr die Betreuung von Kindern zwischen 0 und 14 Jahren als Tagesm\u00fctter zur Verf\u00fcgung.<\/p>\n<\/div>","protected":false},"author":1,"featured_media":0,"comment_status":"closed","ping_status":"closed","sticky":false,"template":"","format":"standard","meta":{"footnotes":""},"categories":[1,53],"tags":[],"class_list":["post-128914","post","type-post","status-publish","format-standard","hentry","category-startseite","category-bildung"],"_links":{"self":[{"href":"https:\/\/www.fuldaernachrichten.de\/index.php?rest_route=\/wp\/v2\/posts\/128914","targetHints":{"allow":["GET"]}}],"collection":[{"href":"https:\/\/www.fuldaernachrichten.de\/index.php?rest_route=\/wp\/v2\/posts"}],"about":[{"href":"https:\/\/www.fuldaernachrichten.de\/index.php?rest_route=\/wp\/v2\/types\/post"}],"author":[{"embeddable":true,"href":"https:\/\/www.fuldaernachrichten.de\/index.php?rest_route=\/wp\/v2\/users\/1"}],"replies":[{"embeddable":true,"href":"https:\/\/www.fuldaernachrichten.de\/index.php?rest_route=%2Fwp%2Fv2%2Fcomments&post=128914"}],"version-history":[{"count":1,"href":"https:\/\/www.fuldaernachrichten.de\/index.php?rest_route=\/wp\/v2\/posts\/128914\/revisions"}],"predecessor-version":[{"id":128916,"href":"https:\/\/www.fuldaernachrichten.de\/index.php?rest_route=\/wp\/v2\/posts\/128914\/revisions\/128916"}],"wp:attachment":[{"href":"https:\/\/www.fuldaernachrichten.de\/index.php?rest_route=%2Fwp%2Fv2%2Fmedia&parent=128914"}],"wp:term":[{"taxonomy":"category","embeddable":true,"href":"https:\/\/www.fuldaernachrichten.de\/index.php?rest_route=%2Fwp%2Fv2%2Fcategories&post=128914"},{"taxonomy":"post_tag","embeddable":true,"href":"https:\/\/www.fuldaernachrichten.de\/index.php?rest_route=%2Fwp%2Fv2%2Ftags&post=128914"}],"curies":[{"name":"wp","href":"https:\/\/api.w.org\/{rel}","templated":true}]}}