{"id":128892,"date":"2014-09-02T00:09:57","date_gmt":"2014-09-02T00:09:57","guid":{"rendered":"http:\/\/www.fuldaer-nachrichten.de\/?p=128892"},"modified":"2014-09-02T06:35:24","modified_gmt":"2014-09-02T06:35:24","slug":"fuldas-meistfotografierte-gebaeude-wird-saniert-denkmalgerechte-ausseninstandsetzung-des-altes-rathauses","status":"publish","type":"post","link":"https:\/\/www.fuldaernachrichten.de\/?p=128892","title":{"rendered":"Fuldas meistfotografierte Geb\u00e4ude wird saniert &#8211; Denkmalgerechte Au\u00dfeninstandsetzung des \u201eAltes Rathauses"},"content":{"rendered":"<p><strong><a href=\"http:\/\/www.fuldaer-nachrichten.de\/wp-content\/uploads\/2014\/09\/DSC_0111.jpg\"><img fetchpriority=\"high\" decoding=\"async\" class=\"alignnone size-full wp-image-128893\" src=\"http:\/\/www.fuldaer-nachrichten.de\/wp-content\/uploads\/2014\/09\/DSC_0111.jpg\" alt=\"DSC_0111\" width=\"560\" height=\"360\" \/><\/a><\/strong><\/p>\n<p><strong>Fulda<\/strong> (hm). Das Alte Rathaus ist einger\u00fcstet, was wird hier gemacht? \u2013 diese und \u00e4hnliche Fragen stellen sich viele Fuldaer und Besucher der Stadt. Oberb\u00fcrgermeister Gerhard M\u00f6ller machte sich selbst vor Ort ein Bild von den Bauma\u00dfnahmen, die an dem markanten Geb\u00e4ude inmitten der Innenstadt vorgenommen werden. \u00dcber 250 Jahre hat es als Rathaus gedient, heute ist es ein Gesch\u00e4ftshaus im Eigentum der Stadt. &#8220;Wir m\u00fcssen die Fassade grundhaft sanieren und im Zuge dessen werden kleine Bauunterhaltungsma\u00dfnahmen an den Dachfl\u00e4chen vorgenommen\u201c, so umschreibt es Frank Volmer, Leiter des st\u00e4dtischen Geb\u00e4udemanagements.<!--more--><\/p>\n<p><a href=\"http:\/\/www.fuldaer-nachrichten.de\/wp-content\/uploads\/2014\/09\/DSC_0095-e1409639624859.jpg\"><img decoding=\"async\" class=\"alignleft size-thumbnail wp-image-128894\" src=\"http:\/\/www.fuldaer-nachrichten.de\/wp-content\/uploads\/2014\/09\/DSC_0095-e1409639624859-265x396.jpg\" alt=\"DSC_0095\" width=\"265\" height=\"396\" srcset=\"https:\/\/www.fuldaernachrichten.de\/wp-content\/uploads\/2014\/09\/DSC_0095-e1409639624859-265x396.jpg 265w, https:\/\/www.fuldaernachrichten.de\/wp-content\/uploads\/2014\/09\/DSC_0095-e1409639624859-177x265.jpg 177w, https:\/\/www.fuldaernachrichten.de\/wp-content\/uploads\/2014\/09\/DSC_0095-e1409639624859.jpg 401w\" sizes=\"(max-width: 265px) 100vw, 265px\" \/><\/a>Durch die Pflaster- und Umbauarbeiten rund um den Borgias- und Universit\u00e4tsplatz sowie die normalen witterungstechnischen Einfl\u00fcsse der letzten Jahrzehnte ist die Fassade des denkmalgesch\u00fctzten Geb\u00e4udes in Mitleidenschaft gezogen worden. Neben dem Streichen der Holzfachwerkskonstruktion sowie der Holzfenster werden auch eine Fassadenreinigung, Anstriche der Gefache und Putzfl\u00e4chen sowie eine Erneuerung der Giebelwettbretter vorgenommen. An der besonders aufwendig gestalteten Dachkonstruktion werden u.a. Gauben ausgebessert und aufgrund der erh\u00f6hten Verwirbelung der Luft Gratziegel gesichert und sturmfest gemacht.<\/p>\n<p><strong>Schmuckst\u00fcck in der Innenstadt<\/strong><\/p>\n<p>\u201eDie Instandsetzung unseres historischen Erbes ist uns wichtig, aber auch finanziell anspruchsvoll. Nach dem Stadtschloss und der bevorstehenden Sanierung des Palais Altenstein war diese Ma\u00dfnahme am wohl meist abgelichteten Geb\u00e4ude Fulda eine Notwendigkeit, die sich zum einen aus Vorsorge und dem Willen nach Sch\u00f6nheit herleitete. Der Budgetansatz f\u00fcr die Arbeiten ist auf 55.000 Euro taxiert\u201c, so Oberb\u00fcrgermeister M\u00f6ller.<\/p>\n<p>Die Gesamtma\u00dfnahme, die fachkundig durch die Untere Denkmalpflege, Adrian Hehl begleitet und gutachterlich durch Restauratorin Stephanie Schmitt vorbereitet wurde, wird von den ausf\u00fchrenden Firmen den besonderen Einsatz der Handwerkskunst einfordern, denn die Fuldaer wollen in wenigen Wochen wieder ein schmucke \u201eAltes Rathaus\u201c am Borgiasplatz bewundern k\u00f6nnen.<\/p>\n<p>&nbsp;<\/p>\n","protected":false},"excerpt":{"rendered":"<div class=\"tmnf_excerpt\"><p>Fulda (hm). Das Alte Rathaus ist einger\u00fcstet, was wird hier gemacht? \u2013 diese und \u00e4hnliche Fragen stellen sich viele Fuldaer und Besucher der Stadt. Oberb\u00fcrgermeister Gerhard M\u00f6ller machte sich selbst vor Ort ein Bild von den Bauma\u00dfnahmen, die an dem markanten Geb\u00e4ude inmitten der Innenstadt vorgenommen werden. \u00dcber 250 Jahre hat es als Rathaus gedient, &hellip;<\/p>\n<\/div>","protected":false},"author":1,"featured_media":0,"comment_status":"closed","ping_status":"closed","sticky":false,"template":"","format":"standard","meta":{"footnotes":""},"categories":[1,29,78],"tags":[],"class_list":["post-128892","post","type-post","status-publish","format-standard","hentry","category-startseite","category-politik","category-topthema"],"_links":{"self":[{"href":"https:\/\/www.fuldaernachrichten.de\/index.php?rest_route=\/wp\/v2\/posts\/128892","targetHints":{"allow":["GET"]}}],"collection":[{"href":"https:\/\/www.fuldaernachrichten.de\/index.php?rest_route=\/wp\/v2\/posts"}],"about":[{"href":"https:\/\/www.fuldaernachrichten.de\/index.php?rest_route=\/wp\/v2\/types\/post"}],"author":[{"embeddable":true,"href":"https:\/\/www.fuldaernachrichten.de\/index.php?rest_route=\/wp\/v2\/users\/1"}],"replies":[{"embeddable":true,"href":"https:\/\/www.fuldaernachrichten.de\/index.php?rest_route=%2Fwp%2Fv2%2Fcomments&post=128892"}],"version-history":[{"count":1,"href":"https:\/\/www.fuldaernachrichten.de\/index.php?rest_route=\/wp\/v2\/posts\/128892\/revisions"}],"predecessor-version":[{"id":128895,"href":"https:\/\/www.fuldaernachrichten.de\/index.php?rest_route=\/wp\/v2\/posts\/128892\/revisions\/128895"}],"wp:attachment":[{"href":"https:\/\/www.fuldaernachrichten.de\/index.php?rest_route=%2Fwp%2Fv2%2Fmedia&parent=128892"}],"wp:term":[{"taxonomy":"category","embeddable":true,"href":"https:\/\/www.fuldaernachrichten.de\/index.php?rest_route=%2Fwp%2Fv2%2Fcategories&post=128892"},{"taxonomy":"post_tag","embeddable":true,"href":"https:\/\/www.fuldaernachrichten.de\/index.php?rest_route=%2Fwp%2Fv2%2Ftags&post=128892"}],"curies":[{"name":"wp","href":"https:\/\/api.w.org\/{rel}","templated":true}]}}