{"id":128890,"date":"2014-09-02T06:31:47","date_gmt":"2014-09-02T06:31:47","guid":{"rendered":"http:\/\/www.fuldaer-nachrichten.de\/?p=128890"},"modified":"2014-09-02T06:31:47","modified_gmt":"2014-09-02T06:31:47","slug":"kurswechsel-erstkommunionweg-als-familienkatechese","status":"publish","type":"post","link":"https:\/\/www.fuldaernachrichten.de\/?p=128890","title":{"rendered":"\u201eKurswechsel:\u201c Erstkommunionweg als Familienkatechese"},"content":{"rendered":"<p>Fulda. Am 11. Oktober 2014 findet eine Fortbildung f\u00fcr haupt- und ehrenamtliche kirchliche Mitarbeiter\/innen statt, die sich in der Erstkommunionkatechese engagieren. \u201eMit Prof. Dr. Albert Biesinger aus T\u00fcbingen (u.a. Autor des Bestsellers &#8220;Kinder nicht um Gott betr\u00fcgen&#8221;) und Praxisteams aus den Di\u00f6zesen Dresden, Freiburg und Fulda, werden wir einen inspirierenden Erfahrungsaustausch \u00fcber eine missionarische Familienkatechese haben: wenn Kinder und ihre Eltern gemeinsam auf dem Weg zur ersten heiligen Kommunion sind.&#8221;, so Thomas Bretz, Referent f\u00fcr Neuevangelisierung und Mitarbeiter in der Familienseelsorge des Bistums, von der Tagungsleitung.<!--more--><\/p>\n<p>Weihbischof Prof. Dr. Karlheinz Diez, der auch der Kommission XI. &#8220;Ehe und Familie&#8221; der deutschen Bischofskonferenz angeh\u00f6rt, begleitet den Fortbildungstag, der von 9:30 bis 17:00 Uhr im Bonifatiushaus in Fulda stattfindet. Ein Unkostenbeitrag von 10,-\u00e2\u201a\u00ac wird erhoben. N\u00e4here Informationen und Anmeldung bei: Thomas Bretz, Seelsorgeamt im Bisch\u00f6flichen Generalvikariat Fulda, Paulustor 5, 36037 Fulda, Thomas.Bretz@Bistum-Fulda.de , Tel.: 0661\/87-364, Fax 0661\/87-348;<\/p>\n","protected":false},"excerpt":{"rendered":"<div class=\"tmnf_excerpt\"><p>Fulda. Am 11. Oktober 2014 findet eine Fortbildung f\u00fcr haupt- und ehrenamtliche kirchliche Mitarbeiter\/innen statt, die sich in der Erstkommunionkatechese engagieren. \u201eMit Prof. Dr. Albert Biesinger aus T\u00fcbingen (u.a. Autor des Bestsellers &#8220;Kinder nicht um Gott betr\u00fcgen&#8221;) und Praxisteams aus den Di\u00f6zesen Dresden, Freiburg und Fulda, werden wir einen inspirierenden Erfahrungsaustausch \u00fcber eine missionarische Familienkatechese &hellip;<\/p>\n<\/div>","protected":false},"author":1,"featured_media":0,"comment_status":"closed","ping_status":"closed","sticky":false,"template":"","format":"standard","meta":{"footnotes":""},"categories":[1,50],"tags":[],"class_list":["post-128890","post","type-post","status-publish","format-standard","hentry","category-startseite","category-kirche"],"_links":{"self":[{"href":"https:\/\/www.fuldaernachrichten.de\/index.php?rest_route=\/wp\/v2\/posts\/128890","targetHints":{"allow":["GET"]}}],"collection":[{"href":"https:\/\/www.fuldaernachrichten.de\/index.php?rest_route=\/wp\/v2\/posts"}],"about":[{"href":"https:\/\/www.fuldaernachrichten.de\/index.php?rest_route=\/wp\/v2\/types\/post"}],"author":[{"embeddable":true,"href":"https:\/\/www.fuldaernachrichten.de\/index.php?rest_route=\/wp\/v2\/users\/1"}],"replies":[{"embeddable":true,"href":"https:\/\/www.fuldaernachrichten.de\/index.php?rest_route=%2Fwp%2Fv2%2Fcomments&post=128890"}],"version-history":[{"count":1,"href":"https:\/\/www.fuldaernachrichten.de\/index.php?rest_route=\/wp\/v2\/posts\/128890\/revisions"}],"predecessor-version":[{"id":128891,"href":"https:\/\/www.fuldaernachrichten.de\/index.php?rest_route=\/wp\/v2\/posts\/128890\/revisions\/128891"}],"wp:attachment":[{"href":"https:\/\/www.fuldaernachrichten.de\/index.php?rest_route=%2Fwp%2Fv2%2Fmedia&parent=128890"}],"wp:term":[{"taxonomy":"category","embeddable":true,"href":"https:\/\/www.fuldaernachrichten.de\/index.php?rest_route=%2Fwp%2Fv2%2Fcategories&post=128890"},{"taxonomy":"post_tag","embeddable":true,"href":"https:\/\/www.fuldaernachrichten.de\/index.php?rest_route=%2Fwp%2Fv2%2Ftags&post=128890"}],"curies":[{"name":"wp","href":"https:\/\/api.w.org\/{rel}","templated":true}]}}