{"id":128886,"date":"2014-09-02T06:30:22","date_gmt":"2014-09-02T06:30:22","guid":{"rendered":"http:\/\/www.fuldaer-nachrichten.de\/?p=128886"},"modified":"2014-09-02T06:30:22","modified_gmt":"2014-09-02T06:30:22","slug":"teilsperrung-der-schlossstrasse-und-pauluspromenade","status":"publish","type":"post","link":"https:\/\/www.fuldaernachrichten.de\/?p=128886","title":{"rendered":"Teilsperrung der Schlossstra\u00dfe und Pauluspromenade"},"content":{"rendered":"<p>Fulda. Aufgrund von Tiefbauarbeiten wird an der Einm\u00fcndung Schlossstra\u00dfe \/ Pauluspromenade von Mittwoch, 03. September 2014, bis einschlie\u00dflich Freitag, 05. September 2014, nur noch ein Fahrstreifen zur Verf\u00fcgung stehen. Der Verkehr wird mit einer Ampelanlage geregelt. Da mit Behinderungen gerechnet werden muss, werden die Verkehrsteilnehmer gebeten, diesen Bereich zu umfahren.<\/p>\n","protected":false},"excerpt":{"rendered":"<div class=\"tmnf_excerpt\"><p>Fulda. Aufgrund von Tiefbauarbeiten wird an der Einm\u00fcndung Schlossstra\u00dfe \/ Pauluspromenade von Mittwoch, 03. September 2014, bis einschlie\u00dflich Freitag, 05. September 2014, nur noch ein Fahrstreifen zur Verf\u00fcgung stehen. Der Verkehr wird mit einer Ampelanlage geregelt. Da mit Behinderungen gerechnet werden muss, werden die Verkehrsteilnehmer gebeten, diesen Bereich zu umfahren.<\/p>\n<\/div>","protected":false},"author":1,"featured_media":0,"comment_status":"closed","ping_status":"closed","sticky":false,"template":"","format":"standard","meta":{"footnotes":""},"categories":[1,35],"tags":[],"class_list":["post-128886","post","type-post","status-publish","format-standard","hentry","category-startseite","category-auto"],"_links":{"self":[{"href":"https:\/\/www.fuldaernachrichten.de\/index.php?rest_route=\/wp\/v2\/posts\/128886","targetHints":{"allow":["GET"]}}],"collection":[{"href":"https:\/\/www.fuldaernachrichten.de\/index.php?rest_route=\/wp\/v2\/posts"}],"about":[{"href":"https:\/\/www.fuldaernachrichten.de\/index.php?rest_route=\/wp\/v2\/types\/post"}],"author":[{"embeddable":true,"href":"https:\/\/www.fuldaernachrichten.de\/index.php?rest_route=\/wp\/v2\/users\/1"}],"replies":[{"embeddable":true,"href":"https:\/\/www.fuldaernachrichten.de\/index.php?rest_route=%2Fwp%2Fv2%2Fcomments&post=128886"}],"version-history":[{"count":1,"href":"https:\/\/www.fuldaernachrichten.de\/index.php?rest_route=\/wp\/v2\/posts\/128886\/revisions"}],"predecessor-version":[{"id":128887,"href":"https:\/\/www.fuldaernachrichten.de\/index.php?rest_route=\/wp\/v2\/posts\/128886\/revisions\/128887"}],"wp:attachment":[{"href":"https:\/\/www.fuldaernachrichten.de\/index.php?rest_route=%2Fwp%2Fv2%2Fmedia&parent=128886"}],"wp:term":[{"taxonomy":"category","embeddable":true,"href":"https:\/\/www.fuldaernachrichten.de\/index.php?rest_route=%2Fwp%2Fv2%2Fcategories&post=128886"},{"taxonomy":"post_tag","embeddable":true,"href":"https:\/\/www.fuldaernachrichten.de\/index.php?rest_route=%2Fwp%2Fv2%2Ftags&post=128886"}],"curies":[{"name":"wp","href":"https:\/\/api.w.org\/{rel}","templated":true}]}}