{"id":128878,"date":"2014-09-02T06:26:46","date_gmt":"2014-09-02T06:26:46","guid":{"rendered":"http:\/\/www.fuldaer-nachrichten.de\/?p=128878"},"modified":"2014-09-02T06:29:41","modified_gmt":"2014-09-02T06:29:41","slug":"a-66-sperrung-der-anschlussstelle-neuhof-nord-ab-dem-13-september-2014","status":"publish","type":"post","link":"https:\/\/www.fuldaernachrichten.de\/?p=128878","title":{"rendered":"A 66: Inbetriebnahme der Anschlussstelle Neuhof-Nord"},"content":{"rendered":"<p>Neuhof. Die Anschlussstelle Neuhof-Nord der A 66 kann erst ca. zwei Wochen nach der Verkehrsfreigabe des L\u00fcckenschlusses der A 66 am 13. September 2014 vollst\u00e4ndig in Betrieb genommen werden. W\u00e4hrend dieser Zeit erfolgen Umbauarbeiten, um die Anschlusstelle an die neue Verkehrssituation anzupassen. Verkehrsteilnehmer von und nach Neuhof werden in diesem Zeitraum \u00fcber die nahegelegene\u00c2\u00a0 Anschlusstelle Neuhof-S\u00fcd gef\u00fchrt. Die Umleitung ist selbstverst\u00e4ndlich entsprechend ausgeschildert.<\/p>\n","protected":false},"excerpt":{"rendered":"<div class=\"tmnf_excerpt\"><p>Neuhof. Die Anschlussstelle Neuhof-Nord der A 66 kann erst ca. zwei Wochen nach der Verkehrsfreigabe des L\u00fcckenschlusses der A 66 am 13. September 2014 vollst\u00e4ndig in Betrieb genommen werden. W\u00e4hrend dieser Zeit erfolgen Umbauarbeiten, um die Anschlusstelle an die neue Verkehrssituation anzupassen. Verkehrsteilnehmer von und nach Neuhof werden in diesem Zeitraum \u00fcber die nahegelegene\u00c2\u00a0 Anschlusstelle &hellip;<\/p>\n<\/div>","protected":false},"author":1,"featured_media":0,"comment_status":"closed","ping_status":"closed","sticky":false,"template":"","format":"standard","meta":{"footnotes":""},"categories":[1,35],"tags":[],"class_list":["post-128878","post","type-post","status-publish","format-standard","hentry","category-startseite","category-auto"],"_links":{"self":[{"href":"https:\/\/www.fuldaernachrichten.de\/index.php?rest_route=\/wp\/v2\/posts\/128878","targetHints":{"allow":["GET"]}}],"collection":[{"href":"https:\/\/www.fuldaernachrichten.de\/index.php?rest_route=\/wp\/v2\/posts"}],"about":[{"href":"https:\/\/www.fuldaernachrichten.de\/index.php?rest_route=\/wp\/v2\/types\/post"}],"author":[{"embeddable":true,"href":"https:\/\/www.fuldaernachrichten.de\/index.php?rest_route=\/wp\/v2\/users\/1"}],"replies":[{"embeddable":true,"href":"https:\/\/www.fuldaernachrichten.de\/index.php?rest_route=%2Fwp%2Fv2%2Fcomments&post=128878"}],"version-history":[{"count":2,"href":"https:\/\/www.fuldaernachrichten.de\/index.php?rest_route=\/wp\/v2\/posts\/128878\/revisions"}],"predecessor-version":[{"id":128885,"href":"https:\/\/www.fuldaernachrichten.de\/index.php?rest_route=\/wp\/v2\/posts\/128878\/revisions\/128885"}],"wp:attachment":[{"href":"https:\/\/www.fuldaernachrichten.de\/index.php?rest_route=%2Fwp%2Fv2%2Fmedia&parent=128878"}],"wp:term":[{"taxonomy":"category","embeddable":true,"href":"https:\/\/www.fuldaernachrichten.de\/index.php?rest_route=%2Fwp%2Fv2%2Fcategories&post=128878"},{"taxonomy":"post_tag","embeddable":true,"href":"https:\/\/www.fuldaernachrichten.de\/index.php?rest_route=%2Fwp%2Fv2%2Ftags&post=128878"}],"curies":[{"name":"wp","href":"https:\/\/api.w.org\/{rel}","templated":true}]}}