{"id":128872,"date":"2014-09-02T06:25:22","date_gmt":"2014-09-02T06:25:22","guid":{"rendered":"http:\/\/www.fuldaer-nachrichten.de\/?p=128872"},"modified":"2014-09-02T06:25:22","modified_gmt":"2014-09-02T06:25:22","slug":"rogers-kapuzenmoos-scharlachkaefer-co-forscher-entdecken-neue-tier-und-pflanzenarten-in-hessen","status":"publish","type":"post","link":"https:\/\/www.fuldaernachrichten.de\/?p=128872","title":{"rendered":"Rogers Kapuzenmoos, Scharlachk\u00e4fer &#038; Co. \u2013 Forscher entdecken neue Tier- und Pflanzenarten in Hessen"},"content":{"rendered":"<div id=\"attachment_128873\" style=\"width: 275px\" class=\"wp-caption alignleft\"><a href=\"http:\/\/www.fuldaer-nachrichten.de\/wp-content\/uploads\/2014\/09\/Picture-Device-Independent-Bitmap-1.jpg\"><img decoding=\"async\" aria-describedby=\"caption-attachment-128873\" class=\"size-thumbnail wp-image-128873\" src=\"http:\/\/www.fuldaer-nachrichten.de\/wp-content\/uploads\/2014\/09\/Picture-Device-Independent-Bitmap-1-265x176.jpg\" alt=\"Rogers Kapuzenmoos (Orthotrichum rogeri) bevorzugt als Lebensraum Landschaften mit sauberer Luft und hohem Jahresniederschlag (Foto: Jan Eckstein)\" width=\"265\" height=\"176\" srcset=\"https:\/\/www.fuldaernachrichten.de\/wp-content\/uploads\/2014\/09\/Picture-Device-Independent-Bitmap-1-265x176.jpg 265w, https:\/\/www.fuldaernachrichten.de\/wp-content\/uploads\/2014\/09\/Picture-Device-Independent-Bitmap-1.jpg 539w\" sizes=\"(max-width: 265px) 100vw, 265px\" \/><\/a><p id=\"caption-attachment-128873\" class=\"wp-caption-text\">Rogers Kapuzenmoos (Orthotrichum rogeri) bevorzugt als Lebensraum Landschaften mit sauberer Luft und hohem Jahresniederschlag (Foto: Jan Eckstein)<\/p><\/div>\n<p>Hessen. \u201eDie verbesserte Wasserqualit\u00e4t am Rhein macht nicht nur Badeg\u00e4sten Freude, auch Fische und Wasserinsekten finden hier wieder einen Lebensraum\u201c, freut sich der Artenschutzexperte Christian Geske von Hessen-Forst angesichts des derzeitigen Sommerwetters. \u201eIn den letzten Jahren konnte beispielsweise die seit den 1920er Jahren in Hessen ausgestorbene Gr\u00fcne Flussjungfer den hessischen Rheinabschnitt und die Obere Eder wiederbesiedeln\u201c, erl\u00e4utert der Biologe. Die seltene Libellenart ist auf eine gute bis sehr gute Wasserqualit\u00e4t angewiesen. Auch der Steinbei\u00dfer &#8211; ein kleiner aber anspruchsvoller Bodenfisch &#8211; kam nach 25 Jahren Abwesenheit vor kurzem zur\u00fcck nach Hessen und breitet sich nun wieder aus. Besonders bemerkenswert ist in diesem Zusammenhang nun das Ergebnis der vom Servicezentrum f\u00fcr Forsteinrichtung und Naturschutz (FENA) beauftragten Suche nach zwei Arten, deren Vorkommen in Hessen bislang unbekannt waren.<!--more--><br \/>\n<strong>\u00c2\u00a0<\/strong><br \/>\n<strong>Seltenes Moos als Hinweis f\u00fcr gute Luftqualit\u00e4t<\/strong><\/p>\n<div id=\"attachment_128874\" style=\"width: 275px\" class=\"wp-caption alignleft\"><a href=\"http:\/\/www.fuldaer-nachrichten.de\/wp-content\/uploads\/2014\/09\/Picture-Device-Independent-Bitmap-2.jpg\"><img decoding=\"async\" aria-describedby=\"caption-attachment-128874\" class=\"size-thumbnail wp-image-128874\" src=\"http:\/\/www.fuldaer-nachrichten.de\/wp-content\/uploads\/2014\/09\/Picture-Device-Independent-Bitmap-2-265x176.jpg\" alt=\"Der Scharlachk\u00e4fer (Cucujus cinnaberinus) lebt mit seinem abgeflachten K\u00f6rper zwischen morscher Rinde und festem Holz (Foto: Franz Rahn)\" width=\"265\" height=\"176\" srcset=\"https:\/\/www.fuldaernachrichten.de\/wp-content\/uploads\/2014\/09\/Picture-Device-Independent-Bitmap-2-265x176.jpg 265w, https:\/\/www.fuldaernachrichten.de\/wp-content\/uploads\/2014\/09\/Picture-Device-Independent-Bitmap-2.jpg 539w\" sizes=\"(max-width: 265px) 100vw, 265px\" \/><\/a><p id=\"caption-attachment-128874\" class=\"wp-caption-text\">Der Scharlachk\u00e4fer (Cucujus cinnaberinus) lebt mit seinem abgeflachten K\u00f6rper zwischen morscher Rinde und festem Holz (Foto: Franz Rahn)<\/p><\/div>\n<p>Der Moosforscher Jan Eckstein konnte mit \u201eRogers Kapuzenmoos\u201c eine weltweit sehr seltene Art erstmals f\u00fcr Hessen nachweisen. Die Art bildet kleine, 5-15 mm hohe, dunkel- bis gelbgr\u00fcne Polster. Der Name leitet sich von der Form der l\u00e4nglich ovalen Sporenkapsel ab, die anfangs eine glockenf\u00f6rmige, haarlose, gl\u00e4nzende Haube besitzt. Das Moos w\u00e4chst auf der Rinde von lebenden B\u00e4umen und Str\u00e4uchern. Die besiedelten Geh\u00f6lze dienen dabei lediglich als Unterlage, denn Wasser und die zum Wachstum notwendigen N\u00e4hrstoffe bezieht die Art ausschlie\u00dflich \u00fcber die Luft. Rogers Kapuzenmoos bevorzugt wegen dieser besonderen Lebensweise Landschaften mit sauberer Luft und hohem Jahresniederschlag als Lebensraum.<\/p>\n<p>Daher vermutet der Moosexperte, dass die Neufunde in den hessischen Mittelgebirgen Taunus, Odenwald, Vogelsberg, Kellerwald und Kaufunger Wald durch die in den letzten Jahrzehnten verbesserte Luftqualit\u00e4t erm\u00f6glicht wurde. Das seltene Moos kommt ausschlie\u00dflich in Europa vor. Mit elf neuen Fundorten hat Hessen jetzt eine erhebliche Verantwortung f\u00fcr das \u00dcberleben dieser durch die europ\u00e4ische Fauna-Flora-Habitat-Richtlinie gesch\u00fctzten Pflanzenart.<\/p>\n","protected":false},"excerpt":{"rendered":"<div class=\"tmnf_excerpt\"><p>Hessen. \u201eDie verbesserte Wasserqualit\u00e4t am Rhein macht nicht nur Badeg\u00e4sten Freude, auch Fische und Wasserinsekten finden hier wieder einen Lebensraum\u201c, freut sich der Artenschutzexperte Christian Geske von Hessen-Forst angesichts des derzeitigen Sommerwetters. \u201eIn den letzten Jahren konnte beispielsweise die seit den 1920er Jahren in Hessen ausgestorbene Gr\u00fcne Flussjungfer den hessischen Rheinabschnitt und die Obere Eder &hellip;<\/p>\n<\/div>","protected":false},"author":1,"featured_media":0,"comment_status":"closed","ping_status":"closed","sticky":false,"template":"","format":"standard","meta":{"footnotes":""},"categories":[1,52],"tags":[],"class_list":["post-128872","post","type-post","status-publish","format-standard","hentry","category-startseite","category-umwelt"],"_links":{"self":[{"href":"https:\/\/www.fuldaernachrichten.de\/index.php?rest_route=\/wp\/v2\/posts\/128872","targetHints":{"allow":["GET"]}}],"collection":[{"href":"https:\/\/www.fuldaernachrichten.de\/index.php?rest_route=\/wp\/v2\/posts"}],"about":[{"href":"https:\/\/www.fuldaernachrichten.de\/index.php?rest_route=\/wp\/v2\/types\/post"}],"author":[{"embeddable":true,"href":"https:\/\/www.fuldaernachrichten.de\/index.php?rest_route=\/wp\/v2\/users\/1"}],"replies":[{"embeddable":true,"href":"https:\/\/www.fuldaernachrichten.de\/index.php?rest_route=%2Fwp%2Fv2%2Fcomments&post=128872"}],"version-history":[{"count":1,"href":"https:\/\/www.fuldaernachrichten.de\/index.php?rest_route=\/wp\/v2\/posts\/128872\/revisions"}],"predecessor-version":[{"id":128875,"href":"https:\/\/www.fuldaernachrichten.de\/index.php?rest_route=\/wp\/v2\/posts\/128872\/revisions\/128875"}],"wp:attachment":[{"href":"https:\/\/www.fuldaernachrichten.de\/index.php?rest_route=%2Fwp%2Fv2%2Fmedia&parent=128872"}],"wp:term":[{"taxonomy":"category","embeddable":true,"href":"https:\/\/www.fuldaernachrichten.de\/index.php?rest_route=%2Fwp%2Fv2%2Fcategories&post=128872"},{"taxonomy":"post_tag","embeddable":true,"href":"https:\/\/www.fuldaernachrichten.de\/index.php?rest_route=%2Fwp%2Fv2%2Ftags&post=128872"}],"curies":[{"name":"wp","href":"https:\/\/api.w.org\/{rel}","templated":true}]}}