{"id":128865,"date":"2014-09-02T06:21:58","date_gmt":"2014-09-02T06:21:58","guid":{"rendered":"http:\/\/www.fuldaer-nachrichten.de\/?p=128865"},"modified":"2014-09-02T06:21:58","modified_gmt":"2014-09-02T06:21:58","slug":"ein-lolls-versprechen-wurde-eingeloest","status":"publish","type":"post","link":"https:\/\/www.fuldaernachrichten.de\/?p=128865","title":{"rendered":"Ein Lolls-Versprechen wurde eingel\u00f6st"},"content":{"rendered":"<p><a href=\"http:\/\/www.fuldaer-nachrichten.de\/wp-content\/uploads\/2014\/09\/k-Hochzeit-B\u00fcrgermeister-1.jpg\"><img decoding=\"async\" class=\"alignleft size-thumbnail wp-image-128866\" src=\"http:\/\/www.fuldaer-nachrichten.de\/wp-content\/uploads\/2014\/09\/k-Hochzeit-B\u00fcrgermeister-1-265x176.jpg\" alt=\"k-Hochzeit B\u00fcrgermeister 1\" width=\"265\" height=\"176\" \/><\/a>Bad Hersfeld. Bad Hersfelds B\u00fcrgermeister Thomas Fehling und seine Lebensge-f\u00e4hrtin, die \u00c4rztin Gabriele Sch\u00e4fer, haben am 30. August 2014 geheiratet. Mit der Hochzeitszeremonie im Kurhaus Bad Hersfeld vor rund 80 geladenen G\u00e4sten l\u00f6ste das Ehepaar nun ein gegenseitiges \u201eLolls-Versprechen\u201c ein. W\u00e4hrend der Er\u00f6ffnung des Lullusfestes im Oktober 2013 hatte der B\u00fcrgermeister seiner damaligen Lebensgef\u00e4hrtin \u00f6ffentlich einen Heiratsantrag gemacht \u2013 und war erh\u00f6rt worden! Die beiden \u201eHerschfeller\u201c sind schon Bekannte aus gemeinsamen Schulzeiten. Richtig \u201egefunkt\u201c hatte es dann vor drei Jahren.<\/p>\n","protected":false},"excerpt":{"rendered":"<div class=\"tmnf_excerpt\"><p>Bad Hersfeld. Bad Hersfelds B\u00fcrgermeister Thomas Fehling und seine Lebensge-f\u00e4hrtin, die \u00c4rztin Gabriele Sch\u00e4fer, haben am 30. August 2014 geheiratet. Mit der Hochzeitszeremonie im Kurhaus Bad Hersfeld vor rund 80 geladenen G\u00e4sten l\u00f6ste das Ehepaar nun ein gegenseitiges \u201eLolls-Versprechen\u201c ein. W\u00e4hrend der Er\u00f6ffnung des Lullusfestes im Oktober 2013 hatte der B\u00fcrgermeister seiner damaligen Lebensgef\u00e4hrtin \u00f6ffentlich &hellip;<\/p>\n<\/div>","protected":false},"author":1,"featured_media":0,"comment_status":"closed","ping_status":"closed","sticky":false,"template":"","format":"standard","meta":{"footnotes":""},"categories":[1],"tags":[],"class_list":["post-128865","post","type-post","status-publish","format-standard","hentry","category-startseite"],"_links":{"self":[{"href":"https:\/\/www.fuldaernachrichten.de\/index.php?rest_route=\/wp\/v2\/posts\/128865","targetHints":{"allow":["GET"]}}],"collection":[{"href":"https:\/\/www.fuldaernachrichten.de\/index.php?rest_route=\/wp\/v2\/posts"}],"about":[{"href":"https:\/\/www.fuldaernachrichten.de\/index.php?rest_route=\/wp\/v2\/types\/post"}],"author":[{"embeddable":true,"href":"https:\/\/www.fuldaernachrichten.de\/index.php?rest_route=\/wp\/v2\/users\/1"}],"replies":[{"embeddable":true,"href":"https:\/\/www.fuldaernachrichten.de\/index.php?rest_route=%2Fwp%2Fv2%2Fcomments&post=128865"}],"version-history":[{"count":1,"href":"https:\/\/www.fuldaernachrichten.de\/index.php?rest_route=\/wp\/v2\/posts\/128865\/revisions"}],"predecessor-version":[{"id":128867,"href":"https:\/\/www.fuldaernachrichten.de\/index.php?rest_route=\/wp\/v2\/posts\/128865\/revisions\/128867"}],"wp:attachment":[{"href":"https:\/\/www.fuldaernachrichten.de\/index.php?rest_route=%2Fwp%2Fv2%2Fmedia&parent=128865"}],"wp:term":[{"taxonomy":"category","embeddable":true,"href":"https:\/\/www.fuldaernachrichten.de\/index.php?rest_route=%2Fwp%2Fv2%2Fcategories&post=128865"},{"taxonomy":"post_tag","embeddable":true,"href":"https:\/\/www.fuldaernachrichten.de\/index.php?rest_route=%2Fwp%2Fv2%2Ftags&post=128865"}],"curies":[{"name":"wp","href":"https:\/\/api.w.org\/{rel}","templated":true}]}}