{"id":12885,"date":"2008-10-18T08:41:16","date_gmt":"2008-10-18T06:41:16","guid":{"rendered":"http:\/\/www.schoene-nachrichten.de\/?p=12885"},"modified":"2008-10-18T09:15:41","modified_gmt":"2008-10-18T07:15:41","slug":"aschenberger-gesichter","status":"publish","type":"post","link":"https:\/\/www.fuldaernachrichten.de\/?p=12885","title":{"rendered":"Aschenberger Gesichter"},"content":{"rendered":"<p><a rel=\"lightbox[roadtrip]\" href=\"http:\/\/www.schoene-nachrichten.de\/wp-content\/uploads\/2008\/10\/081017-aschenberg.jpg\" target=\"_blank\"><img decoding=\"async\" class=\"alignnone size-thumbnail wp-image-12886\" title=\"081017-aschenberg\" src=\"http:\/\/www.schoene-nachrichten.de\/wp-content\/uploads\/2008\/10\/081017-aschenberg-128x85.jpg\" alt=\"\" hspace=\"5\" width=\"128\" height=\"85\" align=\"left\" \/><\/a><strong>Fulda.<\/strong> Gr\u00fcmel-Gesch\u00e4ftsf\u00fchrerin Jutta Diel zeigte sich zufrieden: B\u00fcrgermeister Dr. Wolfgang Dippel (links) l\u00f6ste jetzt in Begleitung des ehemaligen Leiters der Polizeidienststelle Aschenberg, Polizeihauptkommissar Hans-J\u00fcrgen Wagner und des scheidenden Stadtteilkoordinators Christoph Schmidt das Versprechen ein, sich f\u00fcr das Gr\u00fcmel Jugendwerkstatt-Projekt \u201eAschenberger Gesichter\u201c, einmal selbst Gesichtsabdr\u00fccke aus Gips nehmen zu lassen, die, anschlie\u00dfend in Beton gegossen, das von Jugendlichen unter Anleitung der Schreinermeister Swantje Abromeit und Wolfgang Grimm mit Unterst\u00fctzung der Stadt und der GWH geschaffene Kunstwerk auf der Freifl\u00e4che der Adenauer Str. 6 weiter vervollst\u00e4ndigen sollen. Alle Aschenberger, die sich dort ebenfalls noch mit ihrem Portrait verewigen wollen, sind jeweils nachmittags in der Jugendwerkstatt in der Adenauer Str. 12 willkommen.<\/p>\n","protected":false},"excerpt":{"rendered":"<div class=\"tmnf_excerpt\"><p>Fulda. Gr\u00fcmel-Gesch\u00e4ftsf\u00fchrerin Jutta Diel zeigte sich zufrieden: B\u00fcrgermeister Dr. Wolfgang Dippel (links) l\u00f6ste jetzt in Begleitung des ehemaligen Leiters der Polizeidienststelle Aschenberg, Polizeihauptkommissar Hans-J\u00fcrgen Wagner und des scheidenden Stadtteilkoordinators Christoph Schmidt das Versprechen ein, sich f\u00fcr das Gr\u00fcmel Jugendwerkstatt-Projekt \u201eAschenberger Gesichter\u201c, einmal selbst Gesichtsabdr\u00fccke aus Gips nehmen zu lassen, die, anschlie\u00dfend in Beton gegossen, das &hellip;<\/p>\n<\/div>","protected":false},"author":1,"featured_media":0,"comment_status":"closed","ping_status":"closed","sticky":false,"template":"","format":"standard","meta":{"footnotes":""},"categories":[1,72],"tags":[],"class_list":["post-12885","post","type-post","status-publish","format-standard","hentry","category-startseite","category-jugend"],"_links":{"self":[{"href":"https:\/\/www.fuldaernachrichten.de\/index.php?rest_route=\/wp\/v2\/posts\/12885","targetHints":{"allow":["GET"]}}],"collection":[{"href":"https:\/\/www.fuldaernachrichten.de\/index.php?rest_route=\/wp\/v2\/posts"}],"about":[{"href":"https:\/\/www.fuldaernachrichten.de\/index.php?rest_route=\/wp\/v2\/types\/post"}],"author":[{"embeddable":true,"href":"https:\/\/www.fuldaernachrichten.de\/index.php?rest_route=\/wp\/v2\/users\/1"}],"replies":[{"embeddable":true,"href":"https:\/\/www.fuldaernachrichten.de\/index.php?rest_route=%2Fwp%2Fv2%2Fcomments&post=12885"}],"version-history":[{"count":0,"href":"https:\/\/www.fuldaernachrichten.de\/index.php?rest_route=\/wp\/v2\/posts\/12885\/revisions"}],"wp:attachment":[{"href":"https:\/\/www.fuldaernachrichten.de\/index.php?rest_route=%2Fwp%2Fv2%2Fmedia&parent=12885"}],"wp:term":[{"taxonomy":"category","embeddable":true,"href":"https:\/\/www.fuldaernachrichten.de\/index.php?rest_route=%2Fwp%2Fv2%2Fcategories&post=12885"},{"taxonomy":"post_tag","embeddable":true,"href":"https:\/\/www.fuldaernachrichten.de\/index.php?rest_route=%2Fwp%2Fv2%2Ftags&post=12885"}],"curies":[{"name":"wp","href":"https:\/\/api.w.org\/{rel}","templated":true}]}}