{"id":128842,"date":"2014-09-01T00:09:40","date_gmt":"2014-09-01T00:09:40","guid":{"rendered":"http:\/\/www.fuldaer-nachrichten.de\/?p=128842"},"modified":"2014-08-31T19:50:46","modified_gmt":"2014-08-31T19:50:46","slug":"16-foerstina-brunnenfest-lockte-mit-umfangreichem-rahmenprogramm-tausende-besucher","status":"publish","type":"post","link":"https:\/\/www.fuldaernachrichten.de\/?p=128842","title":{"rendered":"16. F\u00f6rstina-Brunnenfest lockte mit umfangreichem Rahmenprogramm tausende Besucher"},"content":{"rendered":"<p><a href=\"http:\/\/www.fuldaer-nachrichten.de\/wp-content\/uploads\/2014\/08\/05.jpg\"><img fetchpriority=\"high\" decoding=\"async\" class=\"alignnone size-full wp-image-128850\" src=\"http:\/\/www.fuldaer-nachrichten.de\/wp-content\/uploads\/2014\/08\/05.jpg\" alt=\"05\" width=\"560\" height=\"360\" \/><\/a><\/p>\n<p>Eichenzell-L\u00fctter. Drau\u00dfen durchwachsenes Regenwetter, drinnen gute Laune pur: Der Eichenzeller Mineralbrunnen F\u00f6rstina Sprudel \u00f6ffnete wie jedes Jahr Ende August seine T\u00fcren zum Brunnenfest \u2013 und das lockte auch am heutigen Sonntag wieder tausende Besucher an den Firmenstammsitz nach L\u00fctter.<!--more--><\/p>\n<p><a href=\"http:\/\/www.fuldaer-nachrichten.de\/wp-content\/uploads\/2014\/08\/09.jpg\"><img decoding=\"async\" class=\"alignleft size-thumbnail wp-image-128863\" src=\"http:\/\/www.fuldaer-nachrichten.de\/wp-content\/uploads\/2014\/08\/09-265x176.jpg\" alt=\"09\" width=\"265\" height=\"176\" srcset=\"https:\/\/www.fuldaernachrichten.de\/wp-content\/uploads\/2014\/08\/09-265x176.jpg 265w, https:\/\/www.fuldaernachrichten.de\/wp-content\/uploads\/2014\/08\/09.jpg 600w\" sizes=\"(max-width: 265px) 100vw, 265px\" \/><\/a>Ob die Sonne strahlt, ob es regnet, st\u00fcrmt oder schneit \u2013 in der riesigen Logistikhalle, die das Team des Mineralbrunnens F\u00f6rstina einmal im Jahr zum Festgel\u00e4nde umfunktioniert, ist die Stimmung am Brunnenfest immer ungebrochen. Bereits ab halb elf dr\u00e4ngte es die Massen nach L\u00fctter, um elf Uhr begann dann das gewohnt umfangreiche Rahmenprogramm: Auf der gro\u00dfen B\u00fchne des F\u00f6rstina Show-Trucks f\u00fchrten unter anderem wieder die deutschen Vize-Meister 2013, die \u201eEichezeller Schreckschruwe\u201c, sowie die Hessenmeister 2013, die L\u00f6schenr\u00f6der Schoppengarde ihre Showt\u00e4nze auf. Zauberei und Illusion mit Gerrit, Comedy und Jonglage mit \u201eDrunter &amp; Dr\u00fcber\u201c sowie eine beeindruckende Gro\u00dftrampolin-Show mit Workshop zum Mitmachen versprachen einen kurzweiligen Besuch auf dem Brunnenfest von F\u00f6rstina.<\/p>\n<p>Die Sch\u00fcler der Rh\u00f6nschule Gersfeld faszinierten mit \u201eLego Education\u201c \u2013 mit den kleinen bunten Techniksteinen bauen sie eine F\u00f6rstina-Produktionsanlage nach. Die Ahornschule L\u00fctter spr\u00fchte Airbrush-Tattoos und stellte im Kinder-Quiz knifflige Fragen, die mehrere hundert Kinder beantworteten \u2013 als Gewinne winkten Eintrittskarten und Kinderpartys im Takka-Tukka-Land. Daneben gab es Vorf\u00fchrungen der Rettungshundestaffel Hessen Ost e.V. und des spektakul\u00e4ren Kampfsports Aikido. Ortsvorsteher Alfred Schleicher und die \u201eBrunnenfee\u201c Ulricke Rummel pr\u00e4sentierten unter der Moderation von F\u00f6rstina-Marketingleiter Peter Seufert das Programm f\u00fcr die Jubil\u00e4umsfeierlichkeiten zum 1200-j\u00e4hrigen Bestehen von L\u00fctter im Jahr 2015 \u2013 die gr\u00f6\u00dftenteils in der F\u00f6rstina-Halle stattfinden werden. Daher wird das F\u00f6rstina-Brunnenfest im kommenden Jahr nicht stattfinden.<\/p>\n<p><a href=\"http:\/\/www.fuldaer-nachrichten.de\/wp-content\/uploads\/2014\/08\/101.jpg\"><img decoding=\"async\" class=\"alignleft size-thumbnail wp-image-128862\" src=\"http:\/\/www.fuldaer-nachrichten.de\/wp-content\/uploads\/2014\/08\/101-265x176.jpg\" alt=\"10\" width=\"265\" height=\"176\" srcset=\"https:\/\/www.fuldaernachrichten.de\/wp-content\/uploads\/2014\/08\/101-265x176.jpg 265w, https:\/\/www.fuldaernachrichten.de\/wp-content\/uploads\/2014\/08\/101.jpg 600w\" sizes=\"(max-width: 265px) 100vw, 265px\" \/><\/a> <a href=\"http:\/\/www.fuldaer-nachrichten.de\/wp-content\/uploads\/2014\/08\/072.jpg\"><img loading=\"lazy\" decoding=\"async\" class=\"alignleft size-thumbnail wp-image-128848\" src=\"http:\/\/www.fuldaer-nachrichten.de\/wp-content\/uploads\/2014\/08\/072-265x176.jpg\" alt=\"07\" width=\"265\" height=\"176\" srcset=\"https:\/\/www.fuldaernachrichten.de\/wp-content\/uploads\/2014\/08\/072-265x176.jpg 265w, https:\/\/www.fuldaernachrichten.de\/wp-content\/uploads\/2014\/08\/072.jpg 600w\" sizes=\"(max-width: 265px) 100vw, 265px\" \/><\/a>Die kleinen Besucher konnten sich in der \u201eSpa\u00dffabrik\u201c austoben, zusammen mit den Gr\u00f6\u00dferen eine Reise durch das \u201evirtuelle Wasser\u201c antreten und das \u201eversteckte Wasser in den Dingen des t\u00e4glichen Gebrauchs\u201c entdecken.In einem eigenen Themenbereich tauchten die Besucher in die faszinierende Welt der Mini-Trucks (pr\u00e4sentiert vom Funktionsmodellbauverein Main-Rh\u00f6n) ein. Die gro\u00dfe Tombola des Brunnenfests hielt tolle Preise (Hauptpreise: Drei Ballonfahrten mit dem F\u00f6rstina Hei\u00dfluftballon sowie f\u00fcnf atemberaubende Hubschrauberrundfl\u00fcge \u00fcber die Rh\u00f6n) bereit, und die Erl\u00f6se in H\u00f6he von 5000 Euro gehen zu Gunsten des Stiftungsprojekts \u201eambinius\u201c des Antoniusheims.<\/p>\n<p><a href=\"http:\/\/www.fuldaer-nachrichten.de\/wp-content\/uploads\/2014\/08\/011.jpg\"><img loading=\"lazy\" decoding=\"async\" class=\"alignleft size-thumbnail wp-image-128859\" src=\"http:\/\/www.fuldaer-nachrichten.de\/wp-content\/uploads\/2014\/08\/011-265x176.jpg\" alt=\"01\" width=\"265\" height=\"176\" srcset=\"https:\/\/www.fuldaernachrichten.de\/wp-content\/uploads\/2014\/08\/011-265x176.jpg 265w, https:\/\/www.fuldaernachrichten.de\/wp-content\/uploads\/2014\/08\/011.jpg 600w\" sizes=\"(max-width: 265px) 100vw, 265px\" \/><\/a> <a href=\"http:\/\/www.fuldaer-nachrichten.de\/wp-content\/uploads\/2014\/08\/02.jpg\"><img loading=\"lazy\" decoding=\"async\" class=\"alignnone size-thumbnail wp-image-128856\" src=\"http:\/\/www.fuldaer-nachrichten.de\/wp-content\/uploads\/2014\/08\/02-265x176.jpg\" alt=\"02\" width=\"265\" height=\"176\" srcset=\"https:\/\/www.fuldaernachrichten.de\/wp-content\/uploads\/2014\/08\/02-265x176.jpg 265w, https:\/\/www.fuldaernachrichten.de\/wp-content\/uploads\/2014\/08\/02.jpg 600w\" sizes=\"(max-width: 265px) 100vw, 265px\" \/><\/a><\/p>\n<p>\u201eDas Brunnenfest ist ein Fest f\u00fcr die ganze Familie \u2013 egal ob jung oder alt, hier wird den Besuchern aller Generationen etwas geboten. Das Brunnenfest ist nach der Hochsaison im Sommer aber auch ein Dankesch\u00f6n an unsere Mitarbeiter, unsere Kunden und die Region\u201c, erkl\u00e4rte F\u00f6rstina-Seniorchefin Doris Ehrhardt.<\/p>\n<p><a href=\"http:\/\/www.fuldaer-nachrichten.de\/wp-content\/uploads\/2014\/08\/03.jpg\"><img loading=\"lazy\" decoding=\"async\" class=\"alignnone size-thumbnail wp-image-128853\" src=\"http:\/\/www.fuldaer-nachrichten.de\/wp-content\/uploads\/2014\/08\/03-265x176.jpg\" alt=\"03\" width=\"265\" height=\"176\" srcset=\"https:\/\/www.fuldaernachrichten.de\/wp-content\/uploads\/2014\/08\/03-265x176.jpg 265w, https:\/\/www.fuldaernachrichten.de\/wp-content\/uploads\/2014\/08\/03.jpg 600w\" sizes=\"(max-width: 265px) 100vw, 265px\" \/><\/a><a href=\"http:\/\/www.fuldaer-nachrichten.de\/wp-content\/uploads\/2014\/08\/06.jpg\"><img loading=\"lazy\" decoding=\"async\" class=\"alignnone size-thumbnail wp-image-128847\" src=\"http:\/\/www.fuldaer-nachrichten.de\/wp-content\/uploads\/2014\/08\/06-265x176.jpg\" alt=\"06\" width=\"265\" height=\"176\" srcset=\"https:\/\/www.fuldaernachrichten.de\/wp-content\/uploads\/2014\/08\/06-265x176.jpg 265w, https:\/\/www.fuldaernachrichten.de\/wp-content\/uploads\/2014\/08\/06.jpg 600w\" sizes=\"(max-width: 265px) 100vw, 265px\" \/><\/a><\/p>\n<p>Neben der guten Unterhaltung bot das Brunnenfest den Besuchern nat\u00fcrlich auch Rh\u00f6ner Spezialit\u00e4ten von den Gastronomien Zum schwarzen Ross (L\u00fctter), Pizzeria Bar Marsala (Dipperz), Zum Stiftsk\u00e4mmerer (K\u00e4mmerzell), Landgasthof St. Georg (Hettenhausen), Metzgerei Gies (Gro\u00dfenl\u00fcder). Kaffee und Kuchen reichte das Team des Biohofs Gensler aus Poppenhausen. Au\u00dferdem gab es leckeres Bauernhofeis von der Familie Vogel (Kneshecke) sowie Crepes und Waffeln von der Familie Richter (H\u00fcnfeld). Und das zu gewohnt familienfreundlichen Preisen. Und unz\u00e4hlige F\u00f6rstina-Getr\u00e4nke l\u00f6schten wie immer kostenlos die durstigen Kehlen der mehreren tausend Besucher.<\/p>\n<p><a href=\"http:\/\/www.fuldaer-nachrichten.de\/wp-content\/uploads\/2014\/08\/071.jpg\"><img loading=\"lazy\" decoding=\"async\" class=\"alignleft size-thumbnail wp-image-128846\" src=\"http:\/\/www.fuldaer-nachrichten.de\/wp-content\/uploads\/2014\/08\/071-265x176.jpg\" alt=\"07\" width=\"265\" height=\"176\" srcset=\"https:\/\/www.fuldaernachrichten.de\/wp-content\/uploads\/2014\/08\/071-265x176.jpg 265w, https:\/\/www.fuldaernachrichten.de\/wp-content\/uploads\/2014\/08\/071.jpg 600w\" sizes=\"(max-width: 265px) 100vw, 265px\" \/><\/a>Und w\u00e4hrend diese gegen 18 Uhr das Werksgel\u00e4nde verlie\u00dfen, fing f\u00fcr das F\u00f6rstina-Team die Arbeit nochmal richtig an: In knapp zweieinhalb Stunden sind die Aufr\u00e4umarbeiten nach dem Fest erledigt und der regul\u00e4re Gesch\u00e4ftsbetrieb l\u00e4uft wieder an: Eine logistische Meisterleistung \u00e2\u20ac\u00a6<\/p>\n","protected":false},"excerpt":{"rendered":"<div class=\"tmnf_excerpt\"><p>Eichenzell-L\u00fctter. Drau\u00dfen durchwachsenes Regenwetter, drinnen gute Laune pur: Der Eichenzeller Mineralbrunnen F\u00f6rstina Sprudel \u00f6ffnete wie jedes Jahr Ende August seine T\u00fcren zum Brunnenfest \u2013 und das lockte auch am heutigen Sonntag wieder tausende Besucher an den Firmenstammsitz nach L\u00fctter.<\/p>\n<\/div>","protected":false},"author":1,"featured_media":0,"comment_status":"closed","ping_status":"closed","sticky":false,"template":"","format":"standard","meta":{"footnotes":""},"categories":[1,29,78],"tags":[],"class_list":["post-128842","post","type-post","status-publish","format-standard","hentry","category-startseite","category-politik","category-topthema"],"_links":{"self":[{"href":"https:\/\/www.fuldaernachrichten.de\/index.php?rest_route=\/wp\/v2\/posts\/128842","targetHints":{"allow":["GET"]}}],"collection":[{"href":"https:\/\/www.fuldaernachrichten.de\/index.php?rest_route=\/wp\/v2\/posts"}],"about":[{"href":"https:\/\/www.fuldaernachrichten.de\/index.php?rest_route=\/wp\/v2\/types\/post"}],"author":[{"embeddable":true,"href":"https:\/\/www.fuldaernachrichten.de\/index.php?rest_route=\/wp\/v2\/users\/1"}],"replies":[{"embeddable":true,"href":"https:\/\/www.fuldaernachrichten.de\/index.php?rest_route=%2Fwp%2Fv2%2Fcomments&post=128842"}],"version-history":[{"count":1,"href":"https:\/\/www.fuldaernachrichten.de\/index.php?rest_route=\/wp\/v2\/posts\/128842\/revisions"}],"predecessor-version":[{"id":128864,"href":"https:\/\/www.fuldaernachrichten.de\/index.php?rest_route=\/wp\/v2\/posts\/128842\/revisions\/128864"}],"wp:attachment":[{"href":"https:\/\/www.fuldaernachrichten.de\/index.php?rest_route=%2Fwp%2Fv2%2Fmedia&parent=128842"}],"wp:term":[{"taxonomy":"category","embeddable":true,"href":"https:\/\/www.fuldaernachrichten.de\/index.php?rest_route=%2Fwp%2Fv2%2Fcategories&post=128842"},{"taxonomy":"post_tag","embeddable":true,"href":"https:\/\/www.fuldaernachrichten.de\/index.php?rest_route=%2Fwp%2Fv2%2Ftags&post=128842"}],"curies":[{"name":"wp","href":"https:\/\/api.w.org\/{rel}","templated":true}]}}