{"id":128838,"date":"2014-09-01T00:14:41","date_gmt":"2014-09-01T00:14:41","guid":{"rendered":"http:\/\/www.fuldaer-nachrichten.de\/?p=128838"},"modified":"2014-08-31T18:54:36","modified_gmt":"2014-08-31T18:54:36","slug":"neues-einsatz-und-fuehrungsfahrzeug-fuer-fachdienst-gefahrenabwehr-des-landkreises-fulda","status":"publish","type":"post","link":"https:\/\/www.fuldaernachrichten.de\/?p=128838","title":{"rendered":"Neues Einsatz- und F\u00fchrungsfahrzeug f\u00fcr Fachdienst Gefahrenabwehr des Landkreises Fulda"},"content":{"rendered":"<p><a href=\"http:\/\/www.fuldaer-nachrichten.de\/wp-content\/uploads\/2014\/08\/415-Neues-Fahrzeug-Gefahrenabwehrzentrum.jpg\"><img decoding=\"async\" class=\"alignleft size-thumbnail wp-image-128840\" src=\"http:\/\/www.fuldaer-nachrichten.de\/wp-content\/uploads\/2014\/08\/415-Neues-Fahrzeug-Gefahrenabwehrzentrum-265x176.jpg\" alt=\"415-Neues Fahrzeug Gefahrenabwehrzentrum\" width=\"265\" height=\"176\" srcset=\"https:\/\/www.fuldaernachrichten.de\/wp-content\/uploads\/2014\/08\/415-Neues-Fahrzeug-Gefahrenabwehrzentrum-265x176.jpg 265w, https:\/\/www.fuldaernachrichten.de\/wp-content\/uploads\/2014\/08\/415-Neues-Fahrzeug-Gefahrenabwehrzentrum.jpg 600w\" sizes=\"(max-width: 265px) 100vw, 265px\" \/><\/a>Fulda. Der Fachdienst Gefahrenabwehr des Landkreises Fulda beim Kreisgesundheitsamt hat einen Mannschaftstransportwagen erhalten, der auch als F\u00fchrungsfahrzeug bei gr\u00f6\u00dferen Gefahrenlagen und im Katastrophenfall eingesetzt werden kann. Der allradangetriebene, 140 PS starke VW T 5 ersetzt einen zw\u00f6lf Jahre alten BMW Kombi und ist mit modernster Technik wie zum Beispiel Digital- und Analogfunk ausgestattet. Bei der \u00dcbergabe betonte Landrat Bernd Woide in Anwesenheit des Ersten Kreisbeigeordneten Dr. Heiko Wingenfeld, des stellvertretenden Kreisbrandinspektors Bernd Sch\u00e4del (li.), des Kreisgesundheitsamtsleiters Roland Stepan (2.v.re.) sowie Uwe Heinel (2.v.li.) und Daniel Weber (re.) vom Gefahrenabwehrzentrum, dass die Beschaffung des neuen Fahrzeugs kein Luxus sei, sondern einen wirksamen Bev\u00f6lkerungsschutz bei besonderen Schadensereignissen erm\u00f6gliche.<\/p>\n","protected":false},"excerpt":{"rendered":"<div class=\"tmnf_excerpt\"><p>Fulda. Der Fachdienst Gefahrenabwehr des Landkreises Fulda beim Kreisgesundheitsamt hat einen Mannschaftstransportwagen erhalten, der auch als F\u00fchrungsfahrzeug bei gr\u00f6\u00dferen Gefahrenlagen und im Katastrophenfall eingesetzt werden kann. Der allradangetriebene, 140 PS starke VW T 5 ersetzt einen zw\u00f6lf Jahre alten BMW Kombi und ist mit modernster Technik wie zum Beispiel Digital- und Analogfunk ausgestattet. Bei der &hellip;<\/p>\n<\/div>","protected":false},"author":1,"featured_media":0,"comment_status":"closed","ping_status":"closed","sticky":false,"template":"","format":"standard","meta":{"footnotes":""},"categories":[1,51],"tags":[],"class_list":["post-128838","post","type-post","status-publish","format-standard","hentry","category-startseite","category-medizin"],"_links":{"self":[{"href":"https:\/\/www.fuldaernachrichten.de\/index.php?rest_route=\/wp\/v2\/posts\/128838","targetHints":{"allow":["GET"]}}],"collection":[{"href":"https:\/\/www.fuldaernachrichten.de\/index.php?rest_route=\/wp\/v2\/posts"}],"about":[{"href":"https:\/\/www.fuldaernachrichten.de\/index.php?rest_route=\/wp\/v2\/types\/post"}],"author":[{"embeddable":true,"href":"https:\/\/www.fuldaernachrichten.de\/index.php?rest_route=\/wp\/v2\/users\/1"}],"replies":[{"embeddable":true,"href":"https:\/\/www.fuldaernachrichten.de\/index.php?rest_route=%2Fwp%2Fv2%2Fcomments&post=128838"}],"version-history":[{"count":1,"href":"https:\/\/www.fuldaernachrichten.de\/index.php?rest_route=\/wp\/v2\/posts\/128838\/revisions"}],"predecessor-version":[{"id":128841,"href":"https:\/\/www.fuldaernachrichten.de\/index.php?rest_route=\/wp\/v2\/posts\/128838\/revisions\/128841"}],"wp:attachment":[{"href":"https:\/\/www.fuldaernachrichten.de\/index.php?rest_route=%2Fwp%2Fv2%2Fmedia&parent=128838"}],"wp:term":[{"taxonomy":"category","embeddable":true,"href":"https:\/\/www.fuldaernachrichten.de\/index.php?rest_route=%2Fwp%2Fv2%2Fcategories&post=128838"},{"taxonomy":"post_tag","embeddable":true,"href":"https:\/\/www.fuldaernachrichten.de\/index.php?rest_route=%2Fwp%2Fv2%2Ftags&post=128838"}],"curies":[{"name":"wp","href":"https:\/\/api.w.org\/{rel}","templated":true}]}}