{"id":128835,"date":"2014-09-01T00:14:16","date_gmt":"2014-09-01T00:14:16","guid":{"rendered":"http:\/\/www.fuldaer-nachrichten.de\/?p=128835"},"modified":"2014-08-31T18:52:36","modified_gmt":"2014-08-31T18:52:36","slug":"cd-125-jahre-tanner-stadtkirche-festliche-musik-zum-jubilaeum-2014","status":"publish","type":"post","link":"https:\/\/www.fuldaernachrichten.de\/?p=128835","title":{"rendered":"CD \u201e125 Jahre Tanner Stadtkirche \u2013 Festliche Musik zum Jubil\u00e4um 2014\u201c"},"content":{"rendered":"<p><a href=\"http:\/\/www.fuldaer-nachrichten.de\/wp-content\/uploads\/2014\/08\/CD-Cover-125-Jahre-Tanner-Stadtkirche.jpg\"><img fetchpriority=\"high\" decoding=\"async\" class=\"alignleft size-thumbnail wp-image-128836\" src=\"http:\/\/www.fuldaer-nachrichten.de\/wp-content\/uploads\/2014\/08\/CD-Cover-125-Jahre-Tanner-Stadtkirche-265x251.jpg\" alt=\"CD-Cover 125 Jahre Tanner Stadtkirche\" width=\"265\" height=\"251\" srcset=\"https:\/\/www.fuldaernachrichten.de\/wp-content\/uploads\/2014\/08\/CD-Cover-125-Jahre-Tanner-Stadtkirche-265x251.jpg 265w, https:\/\/www.fuldaernachrichten.de\/wp-content\/uploads\/2014\/08\/CD-Cover-125-Jahre-Tanner-Stadtkirche.jpg 600w\" sizes=\"(max-width: 265px) 100vw, 265px\" \/><\/a>Tann. Zum 125j\u00e4hrigen Bestehen der Tanner Stadtkirche ist eine CD mit Werken f\u00fcr Chor, Blechbl\u00e4ser und Orgel erschienen. Der Kirchenchor Tann mit den Solistinnen Ramona Grunenberg und Anna Ziert, das Trompetenensemble Gerhard D\u00e4nner, Lukas D\u00e4nner, Nikolai Schlereth und Matthias Jakob (Pauken) sowie Thomas N\u00fcdling an der Orgel haben Musik eingespielt, die das Kirchenjubil\u00e4um festlich beleuchten, darunter Marc Antoine Charpentiers bekanntes \u201ePrelude\u201c zu seinem \u201eTe Deum\u201c (Eurovisionsfanfare), August Eduard Grell kleine Motette \u201eHerr, ich habe lieb die St\u00e4tte deines Hauses\u201c und zwei Werke, die Thomas N\u00fcdling speziell f\u00fcr das Stadtkirchenjubil\u00e4um komponiert hat und die im Rahmen des Festwochenendes auch uraufgef\u00fchrt werden:<!--more--><\/p>\n<p>Dem Orgelwerk <strong>\u201eCarillon \u2013 Fantasie \u00fcber das Gel\u00e4ute der Tanner Stadtkirche\u201c<\/strong> liegen die vier Schlagt\u00f6ne der Glocken der Tanner Stadtkirche zugrunde: c, e, g und a. Wie aus der Ferne h\u00f6rt man zun\u00e4chst nur die vier Schlagt\u00f6ne, immer wieder anders und in verschiedenen harmonischen Beleuchtungen. In dieses L\u00e4uten mischt sich eine freie Melodie, die in den Bach-Choral \u201eGloria sei dir gesungen\u201c m\u00fcndet. Im Schlussteil werden diese drei Ideen miteinander kombiniert und schlie\u00dflich zu einer gro\u00dfen Apotheose gesteigert.<\/p>\n<p>Das Lied <strong>\u201eWie liebenswert, Herr Zebaoth, ist deine Wohnung\u201c<\/strong> hat als textliche Grundlage Psalmverse, die sich inhaltlich mit dem Haus Gottes als Ort von dessen besonders sp\u00fcrbarer Gegenwart besch\u00e4ftigen. Diese Verse aus den Psalmen 26, 27, 63, 84 und 122 hat Anna Marita Engel in Reimform gebracht, ehe sie Thomas N\u00fcdling im Stil der Romantik vertont hat und damit auch kompositorisch ganz bewusst an die Zeit des Stadtkirchenbaus erinnert. Es ist feierlich und kraftvoll zugleich, dr\u00fcckt damit die Sch\u00f6nheit und Erhabenheit des Tanner Gotteshauses aus. Die Patenschaft f\u00fcr dieses Lied haben Sport Walter (Tann) und Gerd Will (Simmershausen) \u00fcbernommen.<\/p>\n<p>Die CD ist bei allen Veranstaltungen des Jubil\u00e4umswochenendes f\u00fcr 10 Euro am Ausgang erh\u00e4ltlich.<\/p>\n","protected":false},"excerpt":{"rendered":"<div class=\"tmnf_excerpt\"><p>Tann. Zum 125j\u00e4hrigen Bestehen der Tanner Stadtkirche ist eine CD mit Werken f\u00fcr Chor, Blechbl\u00e4ser und Orgel erschienen. Der Kirchenchor Tann mit den Solistinnen Ramona Grunenberg und Anna Ziert, das Trompetenensemble Gerhard D\u00e4nner, Lukas D\u00e4nner, Nikolai Schlereth und Matthias Jakob (Pauken) sowie Thomas N\u00fcdling an der Orgel haben Musik eingespielt, die das Kirchenjubil\u00e4um festlich beleuchten, &hellip;<\/p>\n<\/div>","protected":false},"author":1,"featured_media":0,"comment_status":"closed","ping_status":"closed","sticky":false,"template":"","format":"standard","meta":{"footnotes":""},"categories":[1,44],"tags":[],"class_list":["post-128835","post","type-post","status-publish","format-standard","hentry","category-startseite","category-kultur"],"_links":{"self":[{"href":"https:\/\/www.fuldaernachrichten.de\/index.php?rest_route=\/wp\/v2\/posts\/128835","targetHints":{"allow":["GET"]}}],"collection":[{"href":"https:\/\/www.fuldaernachrichten.de\/index.php?rest_route=\/wp\/v2\/posts"}],"about":[{"href":"https:\/\/www.fuldaernachrichten.de\/index.php?rest_route=\/wp\/v2\/types\/post"}],"author":[{"embeddable":true,"href":"https:\/\/www.fuldaernachrichten.de\/index.php?rest_route=\/wp\/v2\/users\/1"}],"replies":[{"embeddable":true,"href":"https:\/\/www.fuldaernachrichten.de\/index.php?rest_route=%2Fwp%2Fv2%2Fcomments&post=128835"}],"version-history":[{"count":1,"href":"https:\/\/www.fuldaernachrichten.de\/index.php?rest_route=\/wp\/v2\/posts\/128835\/revisions"}],"predecessor-version":[{"id":128837,"href":"https:\/\/www.fuldaernachrichten.de\/index.php?rest_route=\/wp\/v2\/posts\/128835\/revisions\/128837"}],"wp:attachment":[{"href":"https:\/\/www.fuldaernachrichten.de\/index.php?rest_route=%2Fwp%2Fv2%2Fmedia&parent=128835"}],"wp:term":[{"taxonomy":"category","embeddable":true,"href":"https:\/\/www.fuldaernachrichten.de\/index.php?rest_route=%2Fwp%2Fv2%2Fcategories&post=128835"},{"taxonomy":"post_tag","embeddable":true,"href":"https:\/\/www.fuldaernachrichten.de\/index.php?rest_route=%2Fwp%2Fv2%2Ftags&post=128835"}],"curies":[{"name":"wp","href":"https:\/\/api.w.org\/{rel}","templated":true}]}}