{"id":128832,"date":"2014-09-01T00:16:26","date_gmt":"2014-09-01T00:16:26","guid":{"rendered":"http:\/\/www.fuldaer-nachrichten.de\/?p=128832"},"modified":"2014-08-31T18:51:10","modified_gmt":"2014-08-31T18:51:10","slug":"besitz-und-eigentum-diskussionsveranstaltung-im-umweltzentrum","status":"publish","type":"post","link":"https:\/\/www.fuldaernachrichten.de\/?p=128832","title":{"rendered":"\u201eBesitz und Eigentum\u201c &#8211; Diskussionsveranstaltung im Umweltzentrum"},"content":{"rendered":"<div id=\"attachment_128833\" style=\"width: 275px\" class=\"wp-caption alignleft\"><a href=\"http:\/\/www.fuldaer-nachrichten.de\/wp-content\/uploads\/2014\/08\/fishboul.jpg\"><img decoding=\"async\" aria-describedby=\"caption-attachment-128833\" class=\"size-thumbnail wp-image-128833\" src=\"http:\/\/www.fuldaer-nachrichten.de\/wp-content\/uploads\/2014\/08\/fishboul-265x176.jpg\" alt=\"Fishbowl-Veranstaltung im Umweltzentrum, am 14. Juli 2014 Foto: Timo Schadt \" width=\"265\" height=\"176\" srcset=\"https:\/\/www.fuldaernachrichten.de\/wp-content\/uploads\/2014\/08\/fishboul-265x176.jpg 265w, https:\/\/www.fuldaernachrichten.de\/wp-content\/uploads\/2014\/08\/fishboul.jpg 600w\" sizes=\"(max-width: 265px) 100vw, 265px\" \/><\/a><p id=\"caption-attachment-128833\" class=\"wp-caption-text\">Fishbowl-Veranstaltung im Umweltzentrum, am 14. Juli 2014 Foto: Timo Schadt<\/p><\/div>\n<p>Fulda. \u201eBesitz und Eigentum\u201c lautet der Titel einer Diskussionsveranstaltung am Montag, den 8. September, 19 Uhr im Umweltzentrum Fulda, Johannisstra\u00dfe 44. Sind Borgen, Tauschen und Schenken Alternativen zum Eigentum? Solchen Fragen soll an diesem Abend nachgegangen werden. Die Veranstaltung ist Auftakt einer Reihe, die fortan an jedem zweiten Montag im Monat im Umweltzentrum verschiedene gesellschaftliche und \u00f6kologische Themenstellungen behandeln soll. <!--more--><\/p>\n<p>\u201eIm z\u00fcgellosen Konsum sind eine ganze Reihe \u00f6kologischer wie sozialer Probleme globalen Ausma\u00dfes urs\u00e4chlich verankert\u201c, erl\u00e4utert Timo Schadt vom F\u00f6rderverein Kultur und Umweltbildung e.V. Der Tr\u00e4gerverein von Projekten wie der Erzeuger-Verbraucher-Gemeinschaft \u201eGelbe-R\u00fcbe\u201c und dem urbanen Gartenprojekt \u201eZeppeling\u00e4rten\u201c. Neben dem F\u00f6rderverein sind die Attac Gruppe Fulda, der F\u00f6rderverein Kultur und \u00d6kologie (K\u00d6K) e.V. sowie das Umweltzentrum und Gartenkultur Fulda e.V. Veranstalter.<\/p>\n<p>\u201eEs ist naheliegend, nach Ressourcen schonenden Alternativen zu individuellem Eigentum zu suchen. Doch wie k\u00f6nnten diese aussehen und sind die Menschen dazu bereit, theoretische Erkenntnisse in die Praxis umzusetzen? Hieran soll gearbeitete werden\u201c, legt Timo Schadt weiter dar.<\/p>\n<p>Ulrike Eichmann, Vorsitzende des Naturheilvereins Fulda, wird mit einem Impulsvortrag die \u00f6ffentliche Diskussion am 8. September einleiten. Anschlie\u00dfend wird nach der sogenannten Fishbowl-Methode diskutiert.Dabei sitzen vier Menschen im Innenkreis &#8211; im \u201eGoldfisch-Glas\u201c &#8211; w\u00e4hrend die \u00fcbrigen Teilnehmenden in einem Au\u00dfenkreis der Diskussion folgen. M\u00f6chte jemand aus dem Au\u00dfenkreis zur Diskussion beitragen, stellt er bzw. sie sich hinter eine Person des Innenkreises. Diese darf gegebenenfalls einen begonnenen Satz beenden und macht dann den Platz frei, f\u00fcr die Person aus dem Au\u00dfenkreis, die nun an der Diskussion teilnimmt.<\/p>\n<p>Die gew\u00e4hlte Diskussionsform erm\u00f6glicht tats\u00e4chlichen Austausch, auch in relativ gro\u00dfen Gruppen, ohne dass eine Moderation zwingend eingreifen muss.<\/p>\n","protected":false},"excerpt":{"rendered":"<div class=\"tmnf_excerpt\"><p>Fulda. \u201eBesitz und Eigentum\u201c lautet der Titel einer Diskussionsveranstaltung am Montag, den 8. September, 19 Uhr im Umweltzentrum Fulda, Johannisstra\u00dfe 44. Sind Borgen, Tauschen und Schenken Alternativen zum Eigentum? Solchen Fragen soll an diesem Abend nachgegangen werden. Die Veranstaltung ist Auftakt einer Reihe, die fortan an jedem zweiten Montag im Monat im Umweltzentrum verschiedene gesellschaftliche &hellip;<\/p>\n<\/div>","protected":false},"author":1,"featured_media":0,"comment_status":"closed","ping_status":"closed","sticky":false,"template":"","format":"standard","meta":{"footnotes":""},"categories":[1,52],"tags":[],"class_list":["post-128832","post","type-post","status-publish","format-standard","hentry","category-startseite","category-umwelt"],"_links":{"self":[{"href":"https:\/\/www.fuldaernachrichten.de\/index.php?rest_route=\/wp\/v2\/posts\/128832","targetHints":{"allow":["GET"]}}],"collection":[{"href":"https:\/\/www.fuldaernachrichten.de\/index.php?rest_route=\/wp\/v2\/posts"}],"about":[{"href":"https:\/\/www.fuldaernachrichten.de\/index.php?rest_route=\/wp\/v2\/types\/post"}],"author":[{"embeddable":true,"href":"https:\/\/www.fuldaernachrichten.de\/index.php?rest_route=\/wp\/v2\/users\/1"}],"replies":[{"embeddable":true,"href":"https:\/\/www.fuldaernachrichten.de\/index.php?rest_route=%2Fwp%2Fv2%2Fcomments&post=128832"}],"version-history":[{"count":1,"href":"https:\/\/www.fuldaernachrichten.de\/index.php?rest_route=\/wp\/v2\/posts\/128832\/revisions"}],"predecessor-version":[{"id":128834,"href":"https:\/\/www.fuldaernachrichten.de\/index.php?rest_route=\/wp\/v2\/posts\/128832\/revisions\/128834"}],"wp:attachment":[{"href":"https:\/\/www.fuldaernachrichten.de\/index.php?rest_route=%2Fwp%2Fv2%2Fmedia&parent=128832"}],"wp:term":[{"taxonomy":"category","embeddable":true,"href":"https:\/\/www.fuldaernachrichten.de\/index.php?rest_route=%2Fwp%2Fv2%2Fcategories&post=128832"},{"taxonomy":"post_tag","embeddable":true,"href":"https:\/\/www.fuldaernachrichten.de\/index.php?rest_route=%2Fwp%2Fv2%2Ftags&post=128832"}],"curies":[{"name":"wp","href":"https:\/\/api.w.org\/{rel}","templated":true}]}}