{"id":128828,"date":"2014-09-01T00:10:20","date_gmt":"2014-09-01T00:10:20","guid":{"rendered":"http:\/\/www.fuldaer-nachrichten.de\/?p=128828"},"modified":"2014-08-31T18:48:10","modified_gmt":"2014-08-31T18:48:10","slug":"wanderausstellung-feind-ist-wer-anders-denkt-eine-ausstellung-ueber-die-staatssicherheit-der-ddr","status":"publish","type":"post","link":"https:\/\/www.fuldaernachrichten.de\/?p=128828","title":{"rendered":"Wanderausstellung \u201eFeind ist, wer anders denkt\u201c &#8211; Eine Ausstellung \u00fcber die Staatssicherheit der DDR"},"content":{"rendered":"<p>Cuxhaven. Die Wanderausstellung \u201eFeind ist, wer anders denkt\u201c &#8211; Eine Ausstellung \u00fcber die Staatssicherheit der DDR informiert \u00fcber die Funktion des Ministeriums f\u00fcr Staatssicherheit in der SED-Diktatur und zeigt seine Struktur, T\u00e4tigkeit und Wirkungsweise auf. Besondere Aufmerksamkeit wird dem Schicksal der Menschen gewidmet, die in das Visier der Staatssicherheit geraten sind.\u00c2\u00a0 Zwei Sondertafeln zeigen Geschichten aus der Region Cuxhaven, die in den Stasi-Unterlagen dokumentiert sind.<br \/>\nIn der Zeit vom 4. bis zum 18. September 2014 wird die Ausstellung in Cuxhaven im Rathaus, B\u00fcrgerhalle, pr\u00e4sentiert.<!--more--><\/p>\n<p>Die Ausstellung wird am 4. September 2014 um 17.00 Uhr<br \/>\nim Cuxhaven-Saal des Rathauses offiziell er\u00f6ffnet.<\/p>\n<p>Die Einf\u00fchrung wird vom Bundesbeauftragten, Roland Jahn durchgef\u00fchrt, der als Gegner der SED und B\u00fcrgerrechtler zur Opposition in der DDR geh\u00f6rte und 1983 aufgrund dessen zwangsausgeb\u00fcrgert wurde. Am 28. Januar 2011 wurde der Journalist vom Bundestag zum Bundesbeauftragten gew\u00e4hlt. B\u00fcrgermeisterin Erika Fischer wird f\u00fcr die Stadt Cuxhaven begr\u00fc\u00dfen. Der Parlamentarische Staatssekret\u00e4r Enak Ferlemann wird ein Gru\u00dfwort sprechen.<\/p>\n","protected":false},"excerpt":{"rendered":"<div class=\"tmnf_excerpt\"><p>Cuxhaven. Die Wanderausstellung \u201eFeind ist, wer anders denkt\u201c &#8211; Eine Ausstellung \u00fcber die Staatssicherheit der DDR informiert \u00fcber die Funktion des Ministeriums f\u00fcr Staatssicherheit in der SED-Diktatur und zeigt seine Struktur, T\u00e4tigkeit und Wirkungsweise auf. Besondere Aufmerksamkeit wird dem Schicksal der Menschen gewidmet, die in das Visier der Staatssicherheit geraten sind.\u00c2\u00a0 Zwei Sondertafeln zeigen Geschichten &hellip;<\/p>\n<\/div>","protected":false},"author":1,"featured_media":0,"comment_status":"closed","ping_status":"closed","sticky":false,"template":"","format":"standard","meta":{"footnotes":""},"categories":[1],"tags":[],"class_list":["post-128828","post","type-post","status-publish","format-standard","hentry","category-startseite"],"_links":{"self":[{"href":"https:\/\/www.fuldaernachrichten.de\/index.php?rest_route=\/wp\/v2\/posts\/128828","targetHints":{"allow":["GET"]}}],"collection":[{"href":"https:\/\/www.fuldaernachrichten.de\/index.php?rest_route=\/wp\/v2\/posts"}],"about":[{"href":"https:\/\/www.fuldaernachrichten.de\/index.php?rest_route=\/wp\/v2\/types\/post"}],"author":[{"embeddable":true,"href":"https:\/\/www.fuldaernachrichten.de\/index.php?rest_route=\/wp\/v2\/users\/1"}],"replies":[{"embeddable":true,"href":"https:\/\/www.fuldaernachrichten.de\/index.php?rest_route=%2Fwp%2Fv2%2Fcomments&post=128828"}],"version-history":[{"count":1,"href":"https:\/\/www.fuldaernachrichten.de\/index.php?rest_route=\/wp\/v2\/posts\/128828\/revisions"}],"predecessor-version":[{"id":128829,"href":"https:\/\/www.fuldaernachrichten.de\/index.php?rest_route=\/wp\/v2\/posts\/128828\/revisions\/128829"}],"wp:attachment":[{"href":"https:\/\/www.fuldaernachrichten.de\/index.php?rest_route=%2Fwp%2Fv2%2Fmedia&parent=128828"}],"wp:term":[{"taxonomy":"category","embeddable":true,"href":"https:\/\/www.fuldaernachrichten.de\/index.php?rest_route=%2Fwp%2Fv2%2Fcategories&post=128828"},{"taxonomy":"post_tag","embeddable":true,"href":"https:\/\/www.fuldaernachrichten.de\/index.php?rest_route=%2Fwp%2Fv2%2Ftags&post=128828"}],"curies":[{"name":"wp","href":"https:\/\/api.w.org\/{rel}","templated":true}]}}