{"id":128826,"date":"2014-09-01T00:12:35","date_gmt":"2014-09-01T00:12:35","guid":{"rendered":"http:\/\/www.fuldaer-nachrichten.de\/?p=128826"},"modified":"2014-08-31T18:47:09","modified_gmt":"2014-08-31T18:47:09","slug":"fruchtige-geschenke-vhs-kurs-am-mittwoch-10-september","status":"publish","type":"post","link":"https:\/\/www.fuldaernachrichten.de\/?p=128826","title":{"rendered":"Fruchtige Geschenke: VHS-Kurs am Mittwoch, 10. September"},"content":{"rendered":"<p>Fulda. Geschenke, die man essen kann, stehen nicht im Weg und m\u00fcssen nicht zur Wohnungseinrichtung passen. Warum also nicht eine sch\u00f6ne, ausgefallene Marmelade, einen Kuchen im Glas, Frucht- oder Kr\u00e4uteressig in dekorativen Flaschen, feines Quittenbrot oder fruchtige Lik\u00f6re schenken? Lassen Sie sich von der Vielfalt \u00fcberraschen. Ein Kurs der Volkshochschule des Landkreises Fulda am Mittwoch, 10. September, von 18 Uhr bis 21.45 Uhr im Georg-Stieler-Haus in Fulda, Gallasiniring 1, gibt Anregungen. Info und vorherige Anmeldung bei der VHS-Gesch\u00e4ftsstelle, Telefon (0661)25199-0, oder unter <a href=\"http:\/\/www.vhs-fulda.de\">www.vhs-fulda.de<\/a>.<\/p>\n","protected":false},"excerpt":{"rendered":"<div class=\"tmnf_excerpt\"><p>Fulda. Geschenke, die man essen kann, stehen nicht im Weg und m\u00fcssen nicht zur Wohnungseinrichtung passen. Warum also nicht eine sch\u00f6ne, ausgefallene Marmelade, einen Kuchen im Glas, Frucht- oder Kr\u00e4uteressig in dekorativen Flaschen, feines Quittenbrot oder fruchtige Lik\u00f6re schenken? Lassen Sie sich von der Vielfalt \u00fcberraschen. Ein Kurs der Volkshochschule des Landkreises Fulda am Mittwoch, &hellip;<\/p>\n<\/div>","protected":false},"author":1,"featured_media":0,"comment_status":"closed","ping_status":"closed","sticky":false,"template":"","format":"standard","meta":{"footnotes":""},"categories":[1,53],"tags":[],"class_list":["post-128826","post","type-post","status-publish","format-standard","hentry","category-startseite","category-bildung"],"_links":{"self":[{"href":"https:\/\/www.fuldaernachrichten.de\/index.php?rest_route=\/wp\/v2\/posts\/128826","targetHints":{"allow":["GET"]}}],"collection":[{"href":"https:\/\/www.fuldaernachrichten.de\/index.php?rest_route=\/wp\/v2\/posts"}],"about":[{"href":"https:\/\/www.fuldaernachrichten.de\/index.php?rest_route=\/wp\/v2\/types\/post"}],"author":[{"embeddable":true,"href":"https:\/\/www.fuldaernachrichten.de\/index.php?rest_route=\/wp\/v2\/users\/1"}],"replies":[{"embeddable":true,"href":"https:\/\/www.fuldaernachrichten.de\/index.php?rest_route=%2Fwp%2Fv2%2Fcomments&post=128826"}],"version-history":[{"count":1,"href":"https:\/\/www.fuldaernachrichten.de\/index.php?rest_route=\/wp\/v2\/posts\/128826\/revisions"}],"predecessor-version":[{"id":128827,"href":"https:\/\/www.fuldaernachrichten.de\/index.php?rest_route=\/wp\/v2\/posts\/128826\/revisions\/128827"}],"wp:attachment":[{"href":"https:\/\/www.fuldaernachrichten.de\/index.php?rest_route=%2Fwp%2Fv2%2Fmedia&parent=128826"}],"wp:term":[{"taxonomy":"category","embeddable":true,"href":"https:\/\/www.fuldaernachrichten.de\/index.php?rest_route=%2Fwp%2Fv2%2Fcategories&post=128826"},{"taxonomy":"post_tag","embeddable":true,"href":"https:\/\/www.fuldaernachrichten.de\/index.php?rest_route=%2Fwp%2Fv2%2Ftags&post=128826"}],"curies":[{"name":"wp","href":"https:\/\/api.w.org\/{rel}","templated":true}]}}