{"id":128814,"date":"2014-09-01T00:10:46","date_gmt":"2014-09-01T00:10:46","guid":{"rendered":"http:\/\/www.fuldaer-nachrichten.de\/?p=128814"},"modified":"2014-08-31T18:39:17","modified_gmt":"2014-08-31T18:39:17","slug":"starkes-wachstum-der-techniker-krankenkasse-mehr-als-800-000-versicherte-in-hessen","status":"publish","type":"post","link":"https:\/\/www.fuldaernachrichten.de\/?p=128814","title":{"rendered":"Starkes Wachstum der Techniker Krankenkasse: mehr als 800.000 Versicherte in Hessen"},"content":{"rendered":"<p>Frankfurt am Main. Die Techniker Krankenkasse (TK) in Hessen hat im August die Marke von 800.000 Versicherten geknackt. Aktuell sind knapp 577.000 beitragszahlende Mitglieder und fast 224.000 beitragsfrei versicherte Familienangeh\u00f6rige bei der TK im Land versichert. Damit ist die TK in Hessen seit Jahresbeginn um rund 26.500 Versicherte gewachsen. Dieses Ergebnis spricht aus Sicht der TK f\u00fcr die Leistungsf\u00e4higkeit und die Attraktivit\u00e4t der Kasse. Zudem ist es der TK ein wichtiges Anliegen, ihren Versicherten den bestm\u00f6glichen Service anzubieten. Bundesweit kann die TK seit Anfang des Jahres ein Plus von \u00fcber 290.000 Versicherten verbuchen und z\u00e4hlt zurzeit fast 9 Millionen Versicherte.<\/p>\n","protected":false},"excerpt":{"rendered":"<div class=\"tmnf_excerpt\"><p>Frankfurt am Main. Die Techniker Krankenkasse (TK) in Hessen hat im August die Marke von 800.000 Versicherten geknackt. Aktuell sind knapp 577.000 beitragszahlende Mitglieder und fast 224.000 beitragsfrei versicherte Familienangeh\u00f6rige bei der TK im Land versichert. Damit ist die TK in Hessen seit Jahresbeginn um rund 26.500 Versicherte gewachsen. Dieses Ergebnis spricht aus Sicht der &hellip;<\/p>\n<\/div>","protected":false},"author":1,"featured_media":0,"comment_status":"closed","ping_status":"closed","sticky":false,"template":"","format":"standard","meta":{"footnotes":""},"categories":[1,51],"tags":[],"class_list":["post-128814","post","type-post","status-publish","format-standard","hentry","category-startseite","category-medizin"],"_links":{"self":[{"href":"https:\/\/www.fuldaernachrichten.de\/index.php?rest_route=\/wp\/v2\/posts\/128814","targetHints":{"allow":["GET"]}}],"collection":[{"href":"https:\/\/www.fuldaernachrichten.de\/index.php?rest_route=\/wp\/v2\/posts"}],"about":[{"href":"https:\/\/www.fuldaernachrichten.de\/index.php?rest_route=\/wp\/v2\/types\/post"}],"author":[{"embeddable":true,"href":"https:\/\/www.fuldaernachrichten.de\/index.php?rest_route=\/wp\/v2\/users\/1"}],"replies":[{"embeddable":true,"href":"https:\/\/www.fuldaernachrichten.de\/index.php?rest_route=%2Fwp%2Fv2%2Fcomments&post=128814"}],"version-history":[{"count":1,"href":"https:\/\/www.fuldaernachrichten.de\/index.php?rest_route=\/wp\/v2\/posts\/128814\/revisions"}],"predecessor-version":[{"id":128815,"href":"https:\/\/www.fuldaernachrichten.de\/index.php?rest_route=\/wp\/v2\/posts\/128814\/revisions\/128815"}],"wp:attachment":[{"href":"https:\/\/www.fuldaernachrichten.de\/index.php?rest_route=%2Fwp%2Fv2%2Fmedia&parent=128814"}],"wp:term":[{"taxonomy":"category","embeddable":true,"href":"https:\/\/www.fuldaernachrichten.de\/index.php?rest_route=%2Fwp%2Fv2%2Fcategories&post=128814"},{"taxonomy":"post_tag","embeddable":true,"href":"https:\/\/www.fuldaernachrichten.de\/index.php?rest_route=%2Fwp%2Fv2%2Ftags&post=128814"}],"curies":[{"name":"wp","href":"https:\/\/api.w.org\/{rel}","templated":true}]}}