{"id":1288,"date":"2007-02-01T15:31:48","date_gmt":"2007-02-01T14:31:48","guid":{"rendered":"http:\/\/www.schoene-nachrichten.de\/?p=1288"},"modified":"2007-02-01T15:32:14","modified_gmt":"2007-02-01T14:32:14","slug":"neue-initiative-zur-forderung-von-existenzgrundern","status":"publish","type":"post","link":"https:\/\/www.fuldaernachrichten.de\/?p=1288","title":{"rendered":"Neue Initiative zur F\u00f6rderung von Existenzgr\u00fcndern"},"content":{"rendered":"<p><strong>Sch\u00f6nes aus Fulda.<\/strong> Damit hatte IHK-Pr\u00e4sident Helmut Sorg nicht gerechnet. Nach seinen etwa einst\u00fcndigen Ausf\u00fchrungen \u00fcber die harten und weichen Standortfaktoren der Wirtschaftsregion Fulda meldeten sich spontan einige Zuh\u00f6rer, die gro\u00dfes Interesse daran zeigten, sich ehrenamtlich f\u00fcr zwei spezielle Projekte der IHK Fulda zu engagieren. Sie wollen mithelfen bei der Suche nach Ausbildungsstellen f\u00fcr Jugendliche und bei der Unterst\u00fctzung von Jungunternehmern. Hierdurch sollen die \u00dcberlebenschancen der neu gegr\u00fcndeten Firmen\u00c2\u00a0deutlich erh\u00f6ht werden.<br \/>\n\u00c2\u00a0<br \/>\n<a title=\"Foto: Standortmarketing Fulda\" href=\"http:\/\/www.schoene-nachrichten.de\/wp-content\/uploads\/2007\/02\/070201-alte-herren.jpg\" target=\"_blank\"><img decoding=\"async\" id=\"image1287\" height=\"96\" alt=\"070201-alte-herren.jpg\" src=\"http:\/\/www.schoene-nachrichten.de\/wp-content\/uploads\/2007\/02\/070201-alte-herren.thumbnail.jpg\" \/><\/a><\/p>\n<p>\u00c2\u00a0<\/p>\n<p><!--more-->Auf Einladung von Dr. Norbert Herr, stellvertretender Vorsitzender der CDU-Landtagsfraktion und Vorsitzender des einladenden CV-Zirkels \u201eBuchonia\u201c, waren mehr als 60 aktuelle und ehemalige Studenten, Mitglieder der katholischen Studentenverbindungen und deren Altherrenzirkel, im ITZ-Fulda zusammen gekommen. Dr. Herr freute sich nicht nur \u00fcber die gute Resonanz, sondern auch \u00fcber die lebhafte Darstellung der Wirtschaftsregion Fulda durch den Pr\u00e4sidenten der Industrie- und Handelskammer Fulda, Helmut Sorg.<\/p>\n<p>\u00c2\u00a0<\/p>\n<p>In einem kurzweiligen Vortrag ging Sorg auf die Besonderheiten des Wirtschaftsraumes Fulda ein. Er lie\u00df dabei immer wieder auch wirtschaftspolitische Gedanken und internationale Erfahrungen einflie\u00dfen. Der Wirtschaftsstandort Fulda hat nicht nur an der Grenz\u00f6ffnung partizipiert, sondern profitiere insbesondere von seiner guten Lage Mitten in Deutschland. Die niedrigen Arbeitslosenquoten und die gute Bev\u00f6lkerungsprognose basierten auf dem guten Miteinander von Politik und den gesellschaftspolitisch Verantwortlichen sowie dem Miteinander zwischen Arbeitgebern und Arbeitnehmern der Region. Dort, wo die Rahmenbedingungen stimmten, falle es der Wirtschaft leichter, Arbeitspl\u00e4tze zu schaffen. Dies ziehe wiederum neue Einwohner an. Sorg betonte, dass neben dem Wettstreit um Unternehmen l\u00e4ngst auch ein Wettbewerb um Einwohner zwischen den Regionen begonnen habe.<\/p>\n<p>\u00c2\u00a0<\/p>\n<p>Eine hervorragende M\u00f6glichkeit zur Schaffung von Arbeits- und Ausbildungsstellen sieht der IHK-Pr\u00e4sident in der F\u00f6rderung von Existenzgr\u00fcndungen. Hier plane die Industrie- und Handelskammer, in Zukunft das Angebot von sogenannten Coaches, die die Jungunternehmer an die Hand nehmen und auf den ersten Schritten in den Markt begleiten w\u00fcrden. Dabei k\u00f6nnten die \u201eJungen\u201c nicht nur von der Erfahrung, sondern auch von den Kontakten der \u201eAlten\u201c profitieren. Denkbar sei auch eine Kooperation auf der Kapitalseite. Bei der Suche nach neuen Ausbildungsstellen funktioniere die Zusammenarbeit mit den Seniorberatern der IHK bereits hervorragend.<\/p>\n<p>\u00c2\u00a0<\/p>\n<p>Die studentischen Alterherrenzirkel von CV, KV, UV und TCV wollen jetzt in ihren eigenen Reihen nach geeigneten Seniorberatern und Coaches f\u00fcr Existenzgr\u00fcnder Ausschau halten. Die zahlreich vertretenen \u201eAlten Herren\u201c fanden die Idee so gut, dass sich einige bereits spontan zur Mitarbeit bereit erkl\u00e4rten.<\/p>\n","protected":false},"excerpt":{"rendered":"<div class=\"tmnf_excerpt\"><p>Sch\u00f6nes aus Fulda. Damit hatte IHK-Pr\u00e4sident Helmut Sorg nicht gerechnet. Nach seinen etwa einst\u00fcndigen Ausf\u00fchrungen \u00fcber die harten und weichen Standortfaktoren der Wirtschaftsregion Fulda meldeten sich spontan einige Zuh\u00f6rer, die gro\u00dfes Interesse daran zeigten, sich ehrenamtlich f\u00fcr zwei spezielle Projekte der IHK Fulda zu engagieren. Sie wollen mithelfen bei der Suche nach Ausbildungsstellen f\u00fcr Jugendliche &hellip;<\/p>\n<\/div>","protected":false},"author":1,"featured_media":0,"comment_status":"closed","ping_status":"closed","sticky":false,"template":"","format":"standard","meta":{"footnotes":""},"categories":[1],"tags":[],"class_list":["post-1288","post","type-post","status-publish","format-standard","hentry","category-startseite"],"_links":{"self":[{"href":"https:\/\/www.fuldaernachrichten.de\/index.php?rest_route=\/wp\/v2\/posts\/1288","targetHints":{"allow":["GET"]}}],"collection":[{"href":"https:\/\/www.fuldaernachrichten.de\/index.php?rest_route=\/wp\/v2\/posts"}],"about":[{"href":"https:\/\/www.fuldaernachrichten.de\/index.php?rest_route=\/wp\/v2\/types\/post"}],"author":[{"embeddable":true,"href":"https:\/\/www.fuldaernachrichten.de\/index.php?rest_route=\/wp\/v2\/users\/1"}],"replies":[{"embeddable":true,"href":"https:\/\/www.fuldaernachrichten.de\/index.php?rest_route=%2Fwp%2Fv2%2Fcomments&post=1288"}],"version-history":[{"count":0,"href":"https:\/\/www.fuldaernachrichten.de\/index.php?rest_route=\/wp\/v2\/posts\/1288\/revisions"}],"wp:attachment":[{"href":"https:\/\/www.fuldaernachrichten.de\/index.php?rest_route=%2Fwp%2Fv2%2Fmedia&parent=1288"}],"wp:term":[{"taxonomy":"category","embeddable":true,"href":"https:\/\/www.fuldaernachrichten.de\/index.php?rest_route=%2Fwp%2Fv2%2Fcategories&post=1288"},{"taxonomy":"post_tag","embeddable":true,"href":"https:\/\/www.fuldaernachrichten.de\/index.php?rest_route=%2Fwp%2Fv2%2Ftags&post=1288"}],"curies":[{"name":"wp","href":"https:\/\/api.w.org\/{rel}","templated":true}]}}