{"id":128798,"date":"2014-08-30T08:33:40","date_gmt":"2014-08-30T08:33:40","guid":{"rendered":"http:\/\/www.fuldaer-nachrichten.de\/?p=128798"},"modified":"2014-08-30T08:33:40","modified_gmt":"2014-08-30T08:33:40","slug":"die-naechsten-highlights-auf-schloss-fasanerie","status":"publish","type":"post","link":"https:\/\/www.fuldaernachrichten.de\/?p=128798","title":{"rendered":"Die n\u00e4chsten Highlights auf Schloss Fasanerie"},"content":{"rendered":"<p>Eichenzell. Noch bis 2. November zeigt die Sonderausstellung \u201eMeisterhafte Portr\u00e4ts der F\u00fcrstenmaler im 19. Jahrhundert\u201c Mitglieder europ\u00e4ischer K\u00f6nigsh\u00e4user von ihrer besten Seite. Entdecken Sie, welche Kunstfertigkeit die vier \u201eF\u00fcrstenmaler\u201c seinerzeit ber\u00fchmt machten. Viele Werke dieser Portr\u00e4tisten werden erstmalig \u00f6ffentlich in einer Ausstellung pr\u00e4sentiert. Zum \u201eTag des offenen Denkmals\u201c erklingt traditionell das Konzert \u201eH\u00f6r mal im Denkmal\u201c im Festsaal des Barockschlosses. Das Hyperion-Trio spielt am 13. September um 19.30 Uhr russisch-franz\u00f6sische Musik. Am Sonntag, 14. September, gibt es in Schloss und Park rund um das Thema \u201eFarbe\u201c spannende Sonderf\u00fchrungen und viele Aktionen f\u00fcr Gro\u00df und Klein. Das Sektfr\u00fchst\u00fcck auf dem Schneckenberg bietet einen attraktiven Einstieg in diesen Tag.<!--more--><\/p>\n<p>Einen herbstlichen Ausflugstipp haben wir auch wieder f\u00fcr Sie: S\u00fcdlich von Frankfurt lockt vom 19. bis 21. September das \u201eF\u00fcrstliche Gartenfest Schloss Wolfsgarten\u201c zu einem Besuch. Die Schwester des Gartenfestes auf Schloss Fasanerie (in 2015 \u00fcbrigens Pfingsten, vom 22. bis 25. Mai) pr\u00e4sentiert im sch\u00f6nen Schlosspark bei Langen thematisch &amp; kulinarisch \u201eG\u00e4rten f\u00fcr Gourmets\u201c. Achtung: An den Tagen um Halloween spukt es! Geister(n) im Schloss kam letztes Jahr so gut an, dass das Schlossgespenst vom 31. Oktober bis 2. November 2014 wieder im Einsatz ist. Jeden Tag ab 13.45 Uhr begleitet es Kinder im Vor- und Grundschulalter durch die Museumsr\u00e4ume. F\u00fcr \u00c4ltere gibt es ab 17 Uhr schaurig-sch\u00f6ne Erlebnistouren mit der Taschenlampe. Reservieren Sie sich unbedingt vorab Ihre Tickets unter 0661 94 86 18!<\/p>\n","protected":false},"excerpt":{"rendered":"<div class=\"tmnf_excerpt\"><p>Eichenzell. Noch bis 2. November zeigt die Sonderausstellung \u201eMeisterhafte Portr\u00e4ts der F\u00fcrstenmaler im 19. Jahrhundert\u201c Mitglieder europ\u00e4ischer K\u00f6nigsh\u00e4user von ihrer besten Seite. Entdecken Sie, welche Kunstfertigkeit die vier \u201eF\u00fcrstenmaler\u201c seinerzeit ber\u00fchmt machten. Viele Werke dieser Portr\u00e4tisten werden erstmalig \u00f6ffentlich in einer Ausstellung pr\u00e4sentiert. Zum \u201eTag des offenen Denkmals\u201c erklingt traditionell das Konzert \u201eH\u00f6r mal im &hellip;<\/p>\n<\/div>","protected":false},"author":1,"featured_media":0,"comment_status":"closed","ping_status":"closed","sticky":false,"template":"","format":"standard","meta":{"footnotes":""},"categories":[1,44],"tags":[],"class_list":["post-128798","post","type-post","status-publish","format-standard","hentry","category-startseite","category-kultur"],"_links":{"self":[{"href":"https:\/\/www.fuldaernachrichten.de\/index.php?rest_route=\/wp\/v2\/posts\/128798","targetHints":{"allow":["GET"]}}],"collection":[{"href":"https:\/\/www.fuldaernachrichten.de\/index.php?rest_route=\/wp\/v2\/posts"}],"about":[{"href":"https:\/\/www.fuldaernachrichten.de\/index.php?rest_route=\/wp\/v2\/types\/post"}],"author":[{"embeddable":true,"href":"https:\/\/www.fuldaernachrichten.de\/index.php?rest_route=\/wp\/v2\/users\/1"}],"replies":[{"embeddable":true,"href":"https:\/\/www.fuldaernachrichten.de\/index.php?rest_route=%2Fwp%2Fv2%2Fcomments&post=128798"}],"version-history":[{"count":1,"href":"https:\/\/www.fuldaernachrichten.de\/index.php?rest_route=\/wp\/v2\/posts\/128798\/revisions"}],"predecessor-version":[{"id":128799,"href":"https:\/\/www.fuldaernachrichten.de\/index.php?rest_route=\/wp\/v2\/posts\/128798\/revisions\/128799"}],"wp:attachment":[{"href":"https:\/\/www.fuldaernachrichten.de\/index.php?rest_route=%2Fwp%2Fv2%2Fmedia&parent=128798"}],"wp:term":[{"taxonomy":"category","embeddable":true,"href":"https:\/\/www.fuldaernachrichten.de\/index.php?rest_route=%2Fwp%2Fv2%2Fcategories&post=128798"},{"taxonomy":"post_tag","embeddable":true,"href":"https:\/\/www.fuldaernachrichten.de\/index.php?rest_route=%2Fwp%2Fv2%2Ftags&post=128798"}],"curies":[{"name":"wp","href":"https:\/\/api.w.org\/{rel}","templated":true}]}}