{"id":128784,"date":"2014-08-30T08:20:29","date_gmt":"2014-08-30T08:20:29","guid":{"rendered":"http:\/\/www.fuldaer-nachrichten.de\/?p=128784"},"modified":"2014-08-30T08:20:29","modified_gmt":"2014-08-30T08:20:29","slug":"strassenbauarbeiten-zwischen-burghaunsteinbach-und-eiterfeldkoernbach-sowie-zwischen-eiterfeldkoernbach-und-eiterfeldarzell","status":"publish","type":"post","link":"https:\/\/www.fuldaernachrichten.de\/?p=128784","title":{"rendered":"Stra\u00dfenbauarbeiten zwischen Burghaun\/Steinbach und Eiterfeld\/K\u00f6rnbach, sowie zwischen Eiterfeld\/K\u00f6rnbach und Eiterfeld\/Arzell"},"content":{"rendered":"<p><a href=\"http:\/\/www.fuldaer-nachrichten.de\/wp-content\/uploads\/2014\/08\/Mail-Anhang2.gif\"><img fetchpriority=\"high\" decoding=\"async\" class=\"alignleft size-thumbnail wp-image-128785\" src=\"http:\/\/www.fuldaer-nachrichten.de\/wp-content\/uploads\/2014\/08\/Mail-Anhang2-265x223.gif\" alt=\"Mail-Anhang\" width=\"265\" height=\"223\" \/><\/a>Burghaun. Ab kommenden Montag, den 01.09.2014 werden auf der Landesstra\u00dfe (L) zwischen Burghaun\/Steinbach und Eiterfeld\/K\u00f6rnbach\u00c2\u00a0 bis einschlie\u00dflich 03.09.2014 Stra\u00dfenbauarbeiten durchgef\u00fchrt. Die Arbeiten k\u00f6nnen\u00c2\u00a0 nur unter Vollsperrung der L 3380 erfolgen. Der \u00fcber\u00f6rtliche Verkehr wird daher ab K\u00f6rnbach auf der L 3380 nach Eiterfeld, von dort auf der L 3171 \u00fcber Leimbach und Betzenrod abzweigend auf die K 150 nach Steinbach , sowie in umgekehrter Fahrtrichtung, umgeleitetet.<!--more--><\/p>\n<p>Dar\u00fcber hinaus erfolgen seit dem 25.08.2014 weiterhin Stra\u00dfenbauarbeiten zwischen den Eiterfelder Ortsteilen K\u00f6rnbach und Arzell im Zuge der Kreisstra\u00dfe (K) 146 ebenfalls unter Vollsperrung. W\u00e4hrend der Arbeiten bis voraussichtlich 17.10.2014 wird der Verkehr ab Arzell \u00fcber die L 3170 nach Eiterfeld und von dort auf der L 3380 nach K\u00f6rnbach, sowie in umgekehrter Fahrtrichtung, gef\u00fchrt. Mehr Informationen zu Hessen Mobil unter www.mobil.hessen.de<\/p>\n","protected":false},"excerpt":{"rendered":"<div class=\"tmnf_excerpt\"><p>Burghaun. Ab kommenden Montag, den 01.09.2014 werden auf der Landesstra\u00dfe (L) zwischen Burghaun\/Steinbach und Eiterfeld\/K\u00f6rnbach\u00c2\u00a0 bis einschlie\u00dflich 03.09.2014 Stra\u00dfenbauarbeiten durchgef\u00fchrt. Die Arbeiten k\u00f6nnen\u00c2\u00a0 nur unter Vollsperrung der L 3380 erfolgen. Der \u00fcber\u00f6rtliche Verkehr wird daher ab K\u00f6rnbach auf der L 3380 nach Eiterfeld, von dort auf der L 3171 \u00fcber Leimbach und Betzenrod abzweigend auf &hellip;<\/p>\n<\/div>","protected":false},"author":1,"featured_media":0,"comment_status":"closed","ping_status":"closed","sticky":false,"template":"","format":"standard","meta":{"footnotes":""},"categories":[1,35],"tags":[],"class_list":["post-128784","post","type-post","status-publish","format-standard","hentry","category-startseite","category-auto"],"_links":{"self":[{"href":"https:\/\/www.fuldaernachrichten.de\/index.php?rest_route=\/wp\/v2\/posts\/128784","targetHints":{"allow":["GET"]}}],"collection":[{"href":"https:\/\/www.fuldaernachrichten.de\/index.php?rest_route=\/wp\/v2\/posts"}],"about":[{"href":"https:\/\/www.fuldaernachrichten.de\/index.php?rest_route=\/wp\/v2\/types\/post"}],"author":[{"embeddable":true,"href":"https:\/\/www.fuldaernachrichten.de\/index.php?rest_route=\/wp\/v2\/users\/1"}],"replies":[{"embeddable":true,"href":"https:\/\/www.fuldaernachrichten.de\/index.php?rest_route=%2Fwp%2Fv2%2Fcomments&post=128784"}],"version-history":[{"count":1,"href":"https:\/\/www.fuldaernachrichten.de\/index.php?rest_route=\/wp\/v2\/posts\/128784\/revisions"}],"predecessor-version":[{"id":128786,"href":"https:\/\/www.fuldaernachrichten.de\/index.php?rest_route=\/wp\/v2\/posts\/128784\/revisions\/128786"}],"wp:attachment":[{"href":"https:\/\/www.fuldaernachrichten.de\/index.php?rest_route=%2Fwp%2Fv2%2Fmedia&parent=128784"}],"wp:term":[{"taxonomy":"category","embeddable":true,"href":"https:\/\/www.fuldaernachrichten.de\/index.php?rest_route=%2Fwp%2Fv2%2Fcategories&post=128784"},{"taxonomy":"post_tag","embeddable":true,"href":"https:\/\/www.fuldaernachrichten.de\/index.php?rest_route=%2Fwp%2Fv2%2Ftags&post=128784"}],"curies":[{"name":"wp","href":"https:\/\/api.w.org\/{rel}","templated":true}]}}