{"id":128755,"date":"2014-08-29T06:55:39","date_gmt":"2014-08-29T06:55:39","guid":{"rendered":"http:\/\/www.fuldaer-nachrichten.de\/?p=128755"},"modified":"2014-08-29T06:55:39","modified_gmt":"2014-08-29T06:55:39","slug":"sperrung-der-magdeburger-strasse","status":"publish","type":"post","link":"https:\/\/www.fuldaernachrichten.de\/?p=128755","title":{"rendered":"Sperrung der Magdeburger Stra\u00dfe"},"content":{"rendered":"<p>Fulda. Ab Dienstag, 02. September 2014, bis ca. Mitte Dezember 2014 kann aufgrund eines Stra\u00dfenumbaus die Magdeburger Stra\u00dfe zwischen der Einm\u00fcndung Akazienweg und der Zufahrt zur \u201eOchsenwiese\u201c nur in Richtung Innenstadt befahren werden. F\u00fcr die Fahrtrichtung \u201ePetersberg, Fulda &#8211; Ziehers-Nord und B 27\u201c sind folgende Umleitungsstrecken ausgeschildert:<!--more--><\/p>\n<p>\u00e2\u20ac\u00a2 Amand-Ney-Stra\u00dfe \u2013 Leipziger Stra\u00dfe \u2013 B 27 \u2013 Pappelweg<br \/>\n\u00e2\u20ac\u00a2 Zieherser Weg \u2013 Petersberger Stra\u00dfe (B 458) \u2013 B 27 \u2013 Goerdelerstra\u00dfe<\/p>\n<p>Die Linie 9b kann w\u00e4hrend der Zeit der Sperrung stadtausw\u00e4rts die Haltestellen \u201eOchsenwiese\u201c und \u201eMagdeburger Stra\u00dfe\u201c nicht mehr anfahren. Es wird eine Ersatzhaltestelle in der Amand-Ney-Stra\u00dfe in H\u00f6he der Kirche eingerichtet.<\/p>\n<p>Die Linien 20, 21 und 22 des \u00d6PNV k\u00f6nnen w\u00e4hrend der Zeit der Sperrung stadtausw\u00e4rts die Haltestellen \u201eOchsenwiese\u201c, \u201eMagdeburger Stra\u00dfe\u201c und \u201eWaidesgrund\u201c nicht mehr anfahren. F\u00fcr diese wird eine Ersatzhaltestelle in der Goerdelerstra\u00dfe in H\u00f6he der Ferdinand-Braun-Schule eingerichtet. Bei der Linie 90 des \u00d6PNV entf\u00e4llt stadtausw\u00e4rts die Haltestelle \u201eOchsenwiese\u201c.<\/p>\n","protected":false},"excerpt":{"rendered":"<div class=\"tmnf_excerpt\"><p>Fulda. Ab Dienstag, 02. September 2014, bis ca. Mitte Dezember 2014 kann aufgrund eines Stra\u00dfenumbaus die Magdeburger Stra\u00dfe zwischen der Einm\u00fcndung Akazienweg und der Zufahrt zur \u201eOchsenwiese\u201c nur in Richtung Innenstadt befahren werden. F\u00fcr die Fahrtrichtung \u201ePetersberg, Fulda &#8211; Ziehers-Nord und B 27\u201c sind folgende Umleitungsstrecken ausgeschildert:<\/p>\n<\/div>","protected":false},"author":1,"featured_media":0,"comment_status":"closed","ping_status":"closed","sticky":false,"template":"","format":"standard","meta":{"footnotes":""},"categories":[1,35],"tags":[],"class_list":["post-128755","post","type-post","status-publish","format-standard","hentry","category-startseite","category-auto"],"_links":{"self":[{"href":"https:\/\/www.fuldaernachrichten.de\/index.php?rest_route=\/wp\/v2\/posts\/128755","targetHints":{"allow":["GET"]}}],"collection":[{"href":"https:\/\/www.fuldaernachrichten.de\/index.php?rest_route=\/wp\/v2\/posts"}],"about":[{"href":"https:\/\/www.fuldaernachrichten.de\/index.php?rest_route=\/wp\/v2\/types\/post"}],"author":[{"embeddable":true,"href":"https:\/\/www.fuldaernachrichten.de\/index.php?rest_route=\/wp\/v2\/users\/1"}],"replies":[{"embeddable":true,"href":"https:\/\/www.fuldaernachrichten.de\/index.php?rest_route=%2Fwp%2Fv2%2Fcomments&post=128755"}],"version-history":[{"count":1,"href":"https:\/\/www.fuldaernachrichten.de\/index.php?rest_route=\/wp\/v2\/posts\/128755\/revisions"}],"predecessor-version":[{"id":128756,"href":"https:\/\/www.fuldaernachrichten.de\/index.php?rest_route=\/wp\/v2\/posts\/128755\/revisions\/128756"}],"wp:attachment":[{"href":"https:\/\/www.fuldaernachrichten.de\/index.php?rest_route=%2Fwp%2Fv2%2Fmedia&parent=128755"}],"wp:term":[{"taxonomy":"category","embeddable":true,"href":"https:\/\/www.fuldaernachrichten.de\/index.php?rest_route=%2Fwp%2Fv2%2Fcategories&post=128755"},{"taxonomy":"post_tag","embeddable":true,"href":"https:\/\/www.fuldaernachrichten.de\/index.php?rest_route=%2Fwp%2Fv2%2Ftags&post=128755"}],"curies":[{"name":"wp","href":"https:\/\/api.w.org\/{rel}","templated":true}]}}