{"id":1286,"date":"2007-02-01T15:22:49","date_gmt":"2007-02-01T14:22:49","guid":{"rendered":"http:\/\/www.schoene-nachrichten.de\/?p=1286"},"modified":"2007-02-04T20:47:48","modified_gmt":"2007-02-04T19:47:48","slug":"stadt-sucht-kandidaten-fur-umwelt-und-naturschutzpreis","status":"publish","type":"post","link":"https:\/\/www.fuldaernachrichten.de\/?p=1286","title":{"rendered":"Stadt sucht Kandidaten f\u00fcr Umwelt- und Naturschutzpreis 2007"},"content":{"rendered":"<p><strong>Sch\u00f6nes aus Fulda.<\/strong> Engagierte Einzelpersonen, Gruppen oder Institutionen, die sich in besonderer Weise um den Schutz von Umwelt und Natur bem\u00fchen, k\u00f6nnen in diesem Jahr mit dem 12. Umwelt- und Naturschutzpreis der Stadt Fulda ausgezeichnet werden. Der Umwelt- und Naturschutzpreis ist mit 5.100 \u00e2\u201a\u00ac dotiert. Bei den elf bisherigen Preisverleihungen wurden seit 1987 insgesamt 94 Preistr\u00e4ger geehrt.<\/p>\n<p><!--more-->Die Preistr\u00e4ger werden von einer Jury\u00c2\u00a0 unter Vorsitz von Oberb\u00fcrgermeister Gerhard M\u00f6ller aus den eingegangenen Kandidatenvorschl\u00e4gen ausgew\u00e4hlt. Um der Jury eine m\u00f6glichst breite Auswahl zu bieten, bittet die Stadt Fulda bis zum 15. Juni 2007 um entsprechende Vorschl\u00e4ge.<\/p>\n<p>Der Preis kann an Einzelpersonen, Personengruppen, Arbeitsgemeinschaften, Vereine, Verb\u00e4nde, Institutionen oder Unternehmen verliehen werden, die allerdings ihr \u201eUmweltbet\u00e4tigungsfeld\u201c in Fulda haben m\u00fcssen, teilt die Stadt Fulda weiter mit.<br \/>\n\u00c2\u00a0<br \/>\nAuszeichnungsw\u00fcrdig sind laut Fuldas Stadtbaur\u00e4tin sowohl praktische Aktivit\u00e4ten als auch wissenschaftliche und publizistische Beitr\u00e4ge, die sich beispielsweise mit Themen wie Abfallvermeidung, Recycling, Trinkwassereinsparung, Luftreinhaltung, L\u00e4rmschutz, Energieeinsparung, Gew\u00e4sser-, Landschafts- und Naturschutz oder \u00e4hnlichen Problemfeldern befassen.<\/p>\n<p>Au\u00dferdem wegweisende neue Produkte, Ideen und Arbeitstechniken im Bereich der Umwelttechnologie. Allerdings kann nur f\u00fcr das Engagement ausgezeichnet werden, welches nicht Teil der beruflichen T\u00e4tigkeit ist oder auf Grund gesetzlicher Vorgaben erbracht werden muss, so Zuschke.<\/p>\n<p><strong>Kandidatenvorschl\u00e4ge f\u00fcr den Umwelt- und Naturschutzpreis 2007 k\u00f6nnen bis zum 15. Juni mit kurzer schriftlicher Begr\u00fcndung an das Gr\u00fcnfl\u00e4chen-, Umwelt- und Friedhofsamt der Stadt Fulda, Postfach 2052, 36010 Fulda, gesandt werden.<br \/>\n<\/strong><\/p>\n","protected":false},"excerpt":{"rendered":"<div class=\"tmnf_excerpt\"><p>Sch\u00f6nes aus Fulda. Engagierte Einzelpersonen, Gruppen oder Institutionen, die sich in besonderer Weise um den Schutz von Umwelt und Natur bem\u00fchen, k\u00f6nnen in diesem Jahr mit dem 12. Umwelt- und Naturschutzpreis der Stadt Fulda ausgezeichnet werden. Der Umwelt- und Naturschutzpreis ist mit 5.100 \u00e2\u201a\u00ac dotiert. Bei den elf bisherigen Preisverleihungen wurden seit 1987 insgesamt 94 &hellip;<\/p>\n<\/div>","protected":false},"author":1,"featured_media":0,"comment_status":"closed","ping_status":"closed","sticky":false,"template":"","format":"standard","meta":{"footnotes":""},"categories":[1,52],"tags":[],"class_list":["post-1286","post","type-post","status-publish","format-standard","hentry","category-startseite","category-umwelt"],"_links":{"self":[{"href":"https:\/\/www.fuldaernachrichten.de\/index.php?rest_route=\/wp\/v2\/posts\/1286","targetHints":{"allow":["GET"]}}],"collection":[{"href":"https:\/\/www.fuldaernachrichten.de\/index.php?rest_route=\/wp\/v2\/posts"}],"about":[{"href":"https:\/\/www.fuldaernachrichten.de\/index.php?rest_route=\/wp\/v2\/types\/post"}],"author":[{"embeddable":true,"href":"https:\/\/www.fuldaernachrichten.de\/index.php?rest_route=\/wp\/v2\/users\/1"}],"replies":[{"embeddable":true,"href":"https:\/\/www.fuldaernachrichten.de\/index.php?rest_route=%2Fwp%2Fv2%2Fcomments&post=1286"}],"version-history":[{"count":0,"href":"https:\/\/www.fuldaernachrichten.de\/index.php?rest_route=\/wp\/v2\/posts\/1286\/revisions"}],"wp:attachment":[{"href":"https:\/\/www.fuldaernachrichten.de\/index.php?rest_route=%2Fwp%2Fv2%2Fmedia&parent=1286"}],"wp:term":[{"taxonomy":"category","embeddable":true,"href":"https:\/\/www.fuldaernachrichten.de\/index.php?rest_route=%2Fwp%2Fv2%2Fcategories&post=1286"},{"taxonomy":"post_tag","embeddable":true,"href":"https:\/\/www.fuldaernachrichten.de\/index.php?rest_route=%2Fwp%2Fv2%2Ftags&post=1286"}],"curies":[{"name":"wp","href":"https:\/\/api.w.org\/{rel}","templated":true}]}}