{"id":128590,"date":"2014-08-25T00:10:33","date_gmt":"2014-08-25T00:10:33","guid":{"rendered":"http:\/\/www.fuldaer-nachrichten.de\/?p=128590"},"modified":"2014-08-24T14:57:35","modified_gmt":"2014-08-24T14:57:35","slug":"neues-einsatzfahrzeug-fuer-freiwillige-feuerwehr-mittelkalbach","status":"publish","type":"post","link":"https:\/\/www.fuldaernachrichten.de\/?p=128590","title":{"rendered":"Neues Einsatzfahrzeug f\u00fcr Freiwillige Feuerwehr Mittelkalbach"},"content":{"rendered":"<p>Kalbach. Die Gemeinde Kalbach beabsichtigt die Anschaffung eines neuen L\u00f6schgruppenfahrzeugs f\u00fcr die Freiwillige Feuerwehr Mittelkalbach. Das Hessische Ministerium des Inneren und f\u00fcr Sport hat die zuwendungsf\u00e4higen Kosten auf 232.000 Euro festgesetzt, wovon das Land 92.800 Euro \u00fcbernimmt. Der Landkreis Fulda beteiligt sich mit einer Zuweisung von 11.600 Euro aus dem Kreisausgleichsstock.<\/p>\n","protected":false},"excerpt":{"rendered":"<div class=\"tmnf_excerpt\"><p>Kalbach. Die Gemeinde Kalbach beabsichtigt die Anschaffung eines neuen L\u00f6schgruppenfahrzeugs f\u00fcr die Freiwillige Feuerwehr Mittelkalbach. Das Hessische Ministerium des Inneren und f\u00fcr Sport hat die zuwendungsf\u00e4higen Kosten auf 232.000 Euro festgesetzt, wovon das Land 92.800 Euro \u00fcbernimmt. Der Landkreis Fulda beteiligt sich mit einer Zuweisung von 11.600 Euro aus dem Kreisausgleichsstock.<\/p>\n<\/div>","protected":false},"author":1,"featured_media":0,"comment_status":"closed","ping_status":"closed","sticky":false,"template":"","format":"standard","meta":{"footnotes":""},"categories":[1,71],"tags":[],"class_list":["post-128590","post","type-post","status-publish","format-standard","hentry","category-startseite","category-feuerwehr"],"_links":{"self":[{"href":"https:\/\/www.fuldaernachrichten.de\/index.php?rest_route=\/wp\/v2\/posts\/128590","targetHints":{"allow":["GET"]}}],"collection":[{"href":"https:\/\/www.fuldaernachrichten.de\/index.php?rest_route=\/wp\/v2\/posts"}],"about":[{"href":"https:\/\/www.fuldaernachrichten.de\/index.php?rest_route=\/wp\/v2\/types\/post"}],"author":[{"embeddable":true,"href":"https:\/\/www.fuldaernachrichten.de\/index.php?rest_route=\/wp\/v2\/users\/1"}],"replies":[{"embeddable":true,"href":"https:\/\/www.fuldaernachrichten.de\/index.php?rest_route=%2Fwp%2Fv2%2Fcomments&post=128590"}],"version-history":[{"count":1,"href":"https:\/\/www.fuldaernachrichten.de\/index.php?rest_route=\/wp\/v2\/posts\/128590\/revisions"}],"predecessor-version":[{"id":128591,"href":"https:\/\/www.fuldaernachrichten.de\/index.php?rest_route=\/wp\/v2\/posts\/128590\/revisions\/128591"}],"wp:attachment":[{"href":"https:\/\/www.fuldaernachrichten.de\/index.php?rest_route=%2Fwp%2Fv2%2Fmedia&parent=128590"}],"wp:term":[{"taxonomy":"category","embeddable":true,"href":"https:\/\/www.fuldaernachrichten.de\/index.php?rest_route=%2Fwp%2Fv2%2Fcategories&post=128590"},{"taxonomy":"post_tag","embeddable":true,"href":"https:\/\/www.fuldaernachrichten.de\/index.php?rest_route=%2Fwp%2Fv2%2Ftags&post=128590"}],"curies":[{"name":"wp","href":"https:\/\/api.w.org\/{rel}","templated":true}]}}