{"id":128572,"date":"2014-08-25T00:09:29","date_gmt":"2014-08-25T00:09:29","guid":{"rendered":"http:\/\/www.fuldaer-nachrichten.de\/?p=128572"},"modified":"2014-08-24T14:30:34","modified_gmt":"2014-08-24T14:30:34","slug":"pensionswirt-taxifahrer-und-tourenfuehrer-im-nebenberuf-kurt-mihms-zielgruppe-sind-aktivurlauber","status":"publish","type":"post","link":"https:\/\/www.fuldaernachrichten.de\/?p=128572","title":{"rendered":"Pensionswirt, Taxifahrer und Tourenf\u00fchrer im Nebenberuf &#8211;  Kurt Mihms Zielgruppe sind Aktivurlauber"},"content":{"rendered":"<div id=\"attachment_128573\" style=\"width: 610px\" class=\"wp-caption alignnone\"><a href=\"http:\/\/www.fuldaer-nachrichten.de\/wp-content\/uploads\/2014\/08\/403-Hochrh\u00f6nertouren2.jpg\"><img fetchpriority=\"high\" decoding=\"async\" aria-describedby=\"caption-attachment-128573\" class=\"size-full wp-image-128573\" src=\"http:\/\/www.fuldaer-nachrichten.de\/wp-content\/uploads\/2014\/08\/403-Hochrh\u00f6nertouren2.jpg\" alt=\" Nicht etwa vor der Prismen-Wand am Gangolfsberg ist diese Aufnahme entstanden, sondern vor der Foto-Tapete im Treppenhaus der Pension von Kurt und Silvia Mihm im Tanner Stadtteil Schlitzenhausen.  \/ Fotos: Limpert \" width=\"600\" height=\"400\" \/><\/a><p id=\"caption-attachment-128573\" class=\"wp-caption-text\"><br \/>Nicht etwa vor der Prismen-Wand am Gangolfsberg ist diese Aufnahme entstanden, sondern vor der Foto-Tapete im Treppenhaus der Pension von Kurt und Silvia Mihm im Tanner Stadtteil Schlitzenhausen. \/ Fotos: Limpert<\/p><\/div>\n<p>Tann. \u201eSoll es wirklich das gro\u00dfe Schnitzel sein, das Besucher in die Rh\u00f6n zieht?\u201c, fragt Kurt Mihm provokativ. Der 54-J\u00e4hrige tr\u00e4gt als Betriebstechnikleiter Verantwortung f\u00fcr das Werk eines Automobil-Zulieferers in Eisenach; zus\u00e4tzlich baut er sich mit dem Unternehmen \u201eHochrh\u00f6n-Touren\u201c in seinem Elternhaus im Tanner Stadtteil Schlitzenhausen ein zweites Standbein auf.<!--more--><\/p>\n<p>Die Pension der Eltern hat er in den vergangenen vier Jahren gemeinsam mit seiner Frau Silvia \u2013 gr\u00f6\u00dftenteils eigenh\u00e4ndig \u2013 renoviert. Ansprechend ist nicht nur die Verbindung moderner mit nostalgischen Elementen in den zehn Zimmern, dem Aufenthalts- und dem Empfangsraum; ihm schwebt vor, das Geb\u00e4ude zu einer \u201eLeinwand\u201c f\u00fcr die Rh\u00f6n zu machen. Stolz zeigt er seine \u201eRh\u00f6ngalerie\u201c: gro\u00dfformatige Bilder des Eckweisbacher Fotografen Christian Reinhardt, auf denen atemberaubend sch\u00f6ne Naturmomente festgehalten sind. So wird der Gang durch das Treppenhaus zu einer Mini-Wanderung entlang einer originalgro\u00dfen Eis-Kaskade an der Milseburg und der Prismen-Wand am Gangolfsberg.<\/p>\n<p>Als junger Mann einst der d\u00f6rflichen Enge entflohen, sieht Mihm mittlerweile in seiner Heimat vor allem das Land der offenen Fernen. \u201eVom Rh\u00f6n-Saulus zum Rh\u00f6n-Paulus\u201c beschreibt er selbst diesen Wandel, der durch eine Erkrankung ausgel\u00f6st worden sei. Das Mountainbiken in der Rh\u00f6n habe ihn genesen lassen.<\/p>\n<p>Die Begeisterung f\u00fcr die einzigartige Landschaft m\u00f6chte er weitergeben: \u201eIch verkaufe Emotionen und die Botschaft, dass Aktivit\u00e4ten in der Rh\u00f6n die Gesundheit st\u00e4rken\u201c, sagt Mihm.. Vor acht Jahren begann er damit, gef\u00fchrte Mountainbike-Touren anzubieten: unterschiedliche Strecken f\u00fcr Einsteiger, Genuss-Biker und Erfahrene zu den sch\u00f6nsten Pl\u00e4tzen der Rh\u00f6n (www.MTB-Rhoen.de). Die Nachfrage sei allerdings zur\u00fcckgegangen zugunsten von Wandertouren auf dem Hochrh\u00f6ner oder dem Milseburgweg, die er ebenfalls individuell zusammenstellt.<\/p>\n<p>\u201eIn diesem Monat habe ich eine Gruppe mit acht Frauen aus ganz Deutschland zu Gast, die einen zentralen Treffpunkt gesucht hatten. Sie haben das Paket \u00e2\u20ac\u02dcLauf, so weit du kannst\u00e2\u20ac\u02dc gebucht\u201c, erz\u00e4hlt der Tanner. An acht Tagen laufen sie Etappen des Hochrh\u00f6ners, lassen sich abends von ihrem Gastgeber abholen, \u00fcbernachten in der Pension der Mihms und werden am n\u00e4chsten Tag zum jeweiligen Ausgangspunkt zur\u00fcckgefahren.<\/p>\n<p>F\u00fcr diesen Shuttle-Service hat der Vater zweier erwachsener S\u00f6hne 2006 einen Mietwagenbetrieb gegr\u00fcndet. Auch Gep\u00e4ck- und Flughafentransfer sowie k\u00fcnftig Krankenfahrten bietet das erste Rh\u00f6ner Taxi-Unternehmen an. Da er \u2013 wie auch bei der neuen Holzpellet-Heizung \u2013 Wert auf Umweltfreundlichkeit legt, f\u00e4hrt Mihm neben seinem Diesel-Kleinbus einen erdgasbetriebenen Touran. Er plant, zwei Fahrer einzustellen.<\/p>\n<p>Im Winter geh\u00f6ren Schneeschuhwanderungen und Husky-Touren zu seinem Programm. Sogar eigene Marketing-Produkte hat er entworfen: T-Shirt und Fahrradklingel mit einem Rh\u00f6ner \u201eKampfschaf\u201c als Erg\u00e4nzung zur im Vergleich bieder wirkenden \u201eRh\u00f6nhilde\u201c.<\/p>\n<p>Jemand, der soviel Geld, Kreativit\u00e4t und Zeit investiert, \u201eum die Rh\u00f6n voranzubringen\u201c, hat wenig Verst\u00e4ndnis daf\u00fcr, wenn bei der Werbung im Tourismusbereich \u201egekleckert statt geklotzt\u201c werde. Mihm hofft, dass die b\u00fcrokratischen Strukturen von drei L\u00e4ndern, f\u00fcnf Landkreisen und im Ulstertal drei Gemeinden in den kommenden Jahren durch eine gemeinsame effiziente Vermarktung der Rh\u00f6n ersetzt werden. \u201eWir m\u00fcssen an einem Strang ziehen statt uns als Konkurrenz zu sehen\u201c, fordert er.<\/p>\n<p>Der Vision\u00e4r, der sich vom Teamgeist des Apple-Begr\u00fcnders Steve Jobs beeindruckt zeigt, bet\u00e4tigt sich auch selbst als Netzwerker. Auf seiner ausf\u00fchrlichen Homepage stellt Mihm nicht nur seine Pension und seine Touren vor, sondern in Video-Beitr\u00e4gen ebenfalls seine Partner wie das Tanner Caf\u00e9 Fabula, die Gastst\u00e4tte \u201eL\u00e4mmchen\u201c oder J\u00fcrgen Krenzers \u201eKernhaus\u201c in Seiferts. Die Seite soll \u201eLust auf Rh\u00f6n\u201c machen. Und wer sich von den Bildern hat locken lassen, wird sicherlich nicht entt\u00e4uscht. So f\u00fchrt Kurt Mihm Betrachter der Foto-Galerie mit den Worten \u201eJetzt kommt das Beste\u201c zuletzt auf den Balkon, um die herrliche Aussicht auf die Rh\u00f6ner Berge in natura zu zeigen. <a href=\"http:\/\/www.hochrhoen-touren.de\">www.hochrhoen-touren.de<\/a>,<a href=\"http:\/\/www.hochrhoen-touren.tv\">www.hochrhoen-touren.tv<\/a><\/p>\n<p><strong>Info<\/strong><\/p>\n<p>In loser Reihenfolge sollen auf den \u201eKreisseiten\u201c Fremdenverkehrsbetriebe vorgestellt werden, die ihren Ferieng\u00e4sten Au\u00dfergew\u00f6hnliches bieten. Vielleicht sind f\u00fcr den einen oder anderen auch interessante Anregungen dabei. Den Anfang macht das Unternehmen \u201eHochrh\u00f6n-Touren\u201c in Schlitzenhausen.<\/p>\n","protected":false},"excerpt":{"rendered":"<div class=\"tmnf_excerpt\"><p>Tann. \u201eSoll es wirklich das gro\u00dfe Schnitzel sein, das Besucher in die Rh\u00f6n zieht?\u201c, fragt Kurt Mihm provokativ. Der 54-J\u00e4hrige tr\u00e4gt als Betriebstechnikleiter Verantwortung f\u00fcr das Werk eines Automobil-Zulieferers in Eisenach; zus\u00e4tzlich baut er sich mit dem Unternehmen \u201eHochrh\u00f6n-Touren\u201c in seinem Elternhaus im Tanner Stadtteil Schlitzenhausen ein zweites Standbein auf.<\/p>\n<\/div>","protected":false},"author":1,"featured_media":0,"comment_status":"closed","ping_status":"closed","sticky":false,"template":"","format":"standard","meta":{"footnotes":""},"categories":[1,78,52],"tags":[],"class_list":["post-128572","post","type-post","status-publish","format-standard","hentry","category-startseite","category-topthema","category-umwelt"],"_links":{"self":[{"href":"https:\/\/www.fuldaernachrichten.de\/index.php?rest_route=\/wp\/v2\/posts\/128572","targetHints":{"allow":["GET"]}}],"collection":[{"href":"https:\/\/www.fuldaernachrichten.de\/index.php?rest_route=\/wp\/v2\/posts"}],"about":[{"href":"https:\/\/www.fuldaernachrichten.de\/index.php?rest_route=\/wp\/v2\/types\/post"}],"author":[{"embeddable":true,"href":"https:\/\/www.fuldaernachrichten.de\/index.php?rest_route=\/wp\/v2\/users\/1"}],"replies":[{"embeddable":true,"href":"https:\/\/www.fuldaernachrichten.de\/index.php?rest_route=%2Fwp%2Fv2%2Fcomments&post=128572"}],"version-history":[{"count":1,"href":"https:\/\/www.fuldaernachrichten.de\/index.php?rest_route=\/wp\/v2\/posts\/128572\/revisions"}],"predecessor-version":[{"id":128574,"href":"https:\/\/www.fuldaernachrichten.de\/index.php?rest_route=\/wp\/v2\/posts\/128572\/revisions\/128574"}],"wp:attachment":[{"href":"https:\/\/www.fuldaernachrichten.de\/index.php?rest_route=%2Fwp%2Fv2%2Fmedia&parent=128572"}],"wp:term":[{"taxonomy":"category","embeddable":true,"href":"https:\/\/www.fuldaernachrichten.de\/index.php?rest_route=%2Fwp%2Fv2%2Fcategories&post=128572"},{"taxonomy":"post_tag","embeddable":true,"href":"https:\/\/www.fuldaernachrichten.de\/index.php?rest_route=%2Fwp%2Fv2%2Ftags&post=128572"}],"curies":[{"name":"wp","href":"https:\/\/api.w.org\/{rel}","templated":true}]}}