{"id":128502,"date":"2014-08-21T00:09:49","date_gmt":"2014-08-21T00:09:49","guid":{"rendered":"http:\/\/www.fuldaer-nachrichten.de\/?p=128502"},"modified":"2015-02-18T20:30:46","modified_gmt":"2015-02-18T19:30:46","slug":"betriebliches-gesundheitsmanagement-als-antwort-auf-veraenderungen-in-der-arbeitswelt","status":"publish","type":"post","link":"https:\/\/www.fuldaernachrichten.de\/?p=128502","title":{"rendered":"Betriebliches Gesundheitsmanagement als Antwort auf Ver\u00e4nderungen in der Arbeitswelt"},"content":{"rendered":"<div id=\"attachment_128504\" style=\"width: 570px\" class=\"wp-caption alignnone\"><a href=\"http:\/\/www.fuldaer-nachrichten.de\/wp-content\/uploads\/2014\/08\/401-Thonius-Christian.jpg\"><img fetchpriority=\"high\" decoding=\"async\" aria-describedby=\"caption-attachment-128504\" class=\"size-full wp-image-128504\" src=\"http:\/\/www.fuldaer-nachrichten.de\/wp-content\/uploads\/2014\/08\/401-Thonius-Christian.jpg\" alt=\"Christian Thonius ist Experte, wenn es um die Themen Arbeits- und Gesundheitsschutz  geht. \/   Foto: M. Traber\" width=\"560\" height=\"357\" \/><\/a><p id=\"caption-attachment-128504\" class=\"wp-caption-text\">Christian Thonius ist Experte, wenn es um die Themen Arbeits- und Gesundheitsschutz geht. \/ Foto: M. Traber<\/p><\/div>\n<p>Fulda. Die Zeiten, in denen Gesundheitskurse f\u00fcr Mitarbeiterinnen und Mitarbeiter der Kreisverwaltung nach dem Gie\u00dfkannenprinzip angeboten wurden, sind l\u00e4ngst vorbei. Seit Herbst 2012 gibt es im Landratsamt einen hauptamtlichen Koordinator f\u00fcr betriebliches Gesundheitsmanagement (BGM).<!--more--><\/p>\n<p>Christian Thonius ist 29 Jahre alt, Verwaltungsfachwirt und mittlerweile ein Experte, wenn es um die Themen Arbeits- und Gesundheitsschutz, betriebliche Wiedereingliederung, Pr\u00e4vention, Gesundheitsf\u00f6rderung sowie Personal- und Organisationsentwicklung geht. Dies alles sind n\u00e4mlich integrale Bestandteile des Betrieblichen Gesundheitsmanagements \u2013 wenn man es professionell betreibt. Und das ist das Ziel von Christian Thonius, der in seiner Arbeit von einem f\u00fcnfk\u00f6pfigen Pr\u00e4ventionsteam, dem Arbeitskreis Gesundheit und der Schwenninger Krankenkasse als Kooperationspartner unterst\u00fctzt wird.<\/p>\n<p>\u201eBeim betrieblichen Gesundheitsmanagement handelt es sich um ein wachsendes und sich stetig ver\u00e4nderndes System\u201c, erkl\u00e4rt der 29-J\u00e4hrige. \u201eUnser Ansatz ist es, strukturiert vorzugehen, m\u00f6glichst viele Mitarbeiter ins Boot zu holen und langfristig bedarfsgerechte Angebote zu unterbreiten.\u201c Damit dies gelingt, wurde im ersten Schritt &#8211; mit Unterst\u00fctzung durch eine Studentin der Hochschule Fulda &#8211; eine 150 Punkte umfassende Mitarbeiterbefragung durchgef\u00fchrt. Die ersten Ergebnisse wurden laut Thonius bereits auf der Personalversammlung pr\u00e4sentiert. Aktuell sei das Team dabei, die Befragungsergebnisse der einzelnen Fachbereiche zu analysieren.<\/p>\n<p>\u201eDie Teilnahmequote der Befragung lag bei 60 Prozent. Damit sind wir sehr zufrieden. Wir konnten bereits Kernfragen identifizieren und erste Ma\u00dfnahmen einleiten\u201c, erz\u00e4hlt der Verwaltungsfachwirt. Zu den Ma\u00dfnahmen geh\u00f6ren beispielsweise Kooperationsvereinbarungen mit Fitnessstudios, professionell angeleitete Laufeinheiten, ein Seminar zum Thema Minipausen oder der Schwimmpass. Den k\u00f6nnen sich die Mitarbeiter seit Mai dieses Jahres aus dem Intranet herunterladen, ausdrucken und bei jedem Schwimm- oder Freibadbesuch stempeln lassen. Ist der Pass mit zehn Stempeln voll, gibt es einen finanziellen Zuschuss.<\/p>\n<p>Mittelfristig hat der Gesundheitskoordinator noch viele weitere Themen auf der Agenda. So sind in Zusammenarbeit mit der Schwenninger Krankenkasse Gesundheitszirkel angedacht, bei denen in kleiner Runde und unter Beteiligung der F\u00fchrungskr\u00e4fte gesundheitsspezifische Themen einzelner Fachbereiche bearbeitet werden sollen. Auch die gesunde Ern\u00e4hrung wird &#8211; ebenso wie die Burnout-Pr\u00e4vention &#8211; Raum in der Ma\u00dfnahmenplanung einnehmen.<\/p>\n<p>\u201eDie Ergebnisse des betrieblichen Gesundheitsmanagements sind zum jetzigen Zeitpunkt zwar noch nicht messbar; aus unserer Sicht ist BGM aber eine Antwort auf die Ver\u00e4nderungen der Arbeitswelt und auf die zahlreichen Herausforderungen, die der demographische Wandel mit sich bringt\u201c, unterstreicht Christian Thonius. Nicht zuletzt verbessere das betriebliche Gesundheitsmanagement auch das Image der Kreisverwaltung \u2013 nach innen und nach au\u00dfen. (Text: J\u00f6rg Schneider)<\/p>\n<p>&nbsp;<\/p>\n","protected":false},"excerpt":{"rendered":"<div class=\"tmnf_excerpt\"><p>Fulda. Die Zeiten, in denen Gesundheitskurse f\u00fcr Mitarbeiterinnen und Mitarbeiter der Kreisverwaltung nach dem Gie\u00dfkannenprinzip angeboten wurden, sind l\u00e4ngst vorbei. Seit Herbst 2012 gibt es im Landratsamt einen hauptamtlichen Koordinator f\u00fcr betriebliches Gesundheitsmanagement (BGM).<\/p>\n<\/div>","protected":false},"author":1,"featured_media":0,"comment_status":"closed","ping_status":"closed","sticky":false,"template":"","format":"standard","meta":{"footnotes":""},"categories":[1,51,78],"tags":[],"class_list":["post-128502","post","type-post","status-publish","format-standard","hentry","category-startseite","category-medizin","category-topthema"],"_links":{"self":[{"href":"https:\/\/www.fuldaernachrichten.de\/index.php?rest_route=\/wp\/v2\/posts\/128502","targetHints":{"allow":["GET"]}}],"collection":[{"href":"https:\/\/www.fuldaernachrichten.de\/index.php?rest_route=\/wp\/v2\/posts"}],"about":[{"href":"https:\/\/www.fuldaernachrichten.de\/index.php?rest_route=\/wp\/v2\/types\/post"}],"author":[{"embeddable":true,"href":"https:\/\/www.fuldaernachrichten.de\/index.php?rest_route=\/wp\/v2\/users\/1"}],"replies":[{"embeddable":true,"href":"https:\/\/www.fuldaernachrichten.de\/index.php?rest_route=%2Fwp%2Fv2%2Fcomments&post=128502"}],"version-history":[{"count":2,"href":"https:\/\/www.fuldaernachrichten.de\/index.php?rest_route=\/wp\/v2\/posts\/128502\/revisions"}],"predecessor-version":[{"id":135136,"href":"https:\/\/www.fuldaernachrichten.de\/index.php?rest_route=\/wp\/v2\/posts\/128502\/revisions\/135136"}],"wp:attachment":[{"href":"https:\/\/www.fuldaernachrichten.de\/index.php?rest_route=%2Fwp%2Fv2%2Fmedia&parent=128502"}],"wp:term":[{"taxonomy":"category","embeddable":true,"href":"https:\/\/www.fuldaernachrichten.de\/index.php?rest_route=%2Fwp%2Fv2%2Fcategories&post=128502"},{"taxonomy":"post_tag","embeddable":true,"href":"https:\/\/www.fuldaernachrichten.de\/index.php?rest_route=%2Fwp%2Fv2%2Ftags&post=128502"}],"curies":[{"name":"wp","href":"https:\/\/api.w.org\/{rel}","templated":true}]}}