{"id":128465,"date":"2014-08-19T09:01:08","date_gmt":"2014-08-19T09:01:08","guid":{"rendered":"http:\/\/www.fuldaer-nachrichten.de\/?p=128465"},"modified":"2014-08-19T09:01:08","modified_gmt":"2014-08-19T09:01:08","slug":"herbstlicher-genuss-mit-biss-in-hilders-ausstellung-der-rhoener-apfelinitiative","status":"publish","type":"post","link":"https:\/\/www.fuldaernachrichten.de\/?p=128465","title":{"rendered":"Herbstlicher Genuss mit\u201c Biss\u201c in Hilders &#8211; Ausstellung der Rh\u00f6ner Apfelinitiative"},"content":{"rendered":"<p><a href=\"http:\/\/www.fuldaer-nachrichten.de\/wp-content\/uploads\/2014\/08\/016.jpg\"><img fetchpriority=\"high\" decoding=\"async\" class=\"alignleft size-thumbnail wp-image-128466\" src=\"http:\/\/www.fuldaer-nachrichten.de\/wp-content\/uploads\/2014\/08\/016-265x353.jpg\" alt=\"016\" width=\"265\" height=\"353\" srcset=\"https:\/\/www.fuldaernachrichten.de\/wp-content\/uploads\/2014\/08\/016-265x353.jpg 265w, https:\/\/www.fuldaernachrichten.de\/wp-content\/uploads\/2014\/08\/016-198x265.jpg 198w, https:\/\/www.fuldaernachrichten.de\/wp-content\/uploads\/2014\/08\/016-450x600.jpg 450w, https:\/\/www.fuldaernachrichten.de\/wp-content\/uploads\/2014\/08\/016.jpg 600w\" sizes=\"(max-width: 265px) 100vw, 265px\" \/><\/a>Hilders. Als l\u00e4nder\u00fcbergreifende Initiative im Biosph\u00e4renreservat zeigt die Apfelinitiative mit einer Ausstellung, welche Bedeutung Streuobstwiesen f\u00fcr die Natur- und Kulturlandschaft des Biosph\u00e4renreservates Rh\u00f6n haben und wirbt f\u00fcr die Erhaltung dieses Lebensraumes durch Nutzung des Obstes. Motto der Ausstellung, oder besser der \u201eKern der Ausstellung\u201c lautet \u201eRund um den Apfel: Partner-Projekte-Perspektiven\u201c.<!--more--><\/p>\n<p>Die Rh\u00f6ner Apfelinitiative pr\u00e4sentiert ihre Ausstellung rund um den Streuobstapfel auch 2014 wieder an verschiedenen Orten der Rh\u00f6n. Passend zum Beginn der Erntezeit pr\u00e4sentiert die Gemeinde Hilders die Ausstellung in der Gemeindeverwaltung. Auf 18 hochwertig gestalteten Bannern, die in Zusammenarbeit mit der hessischen Verwaltungsstelle des Biosph\u00e4renreservates entwickelt wurden, gibt es Einblicke zu alten Apfelsorten und das Biotop Streuobstwiese. Au\u00dferdem stellen sich Unternehmen vor, die dem Rh\u00f6ner Apfel im Doppelsinne Mehrwert abgewinnen k\u00f6nnen.<\/p>\n<p>Gerade in der Zeit der Apfelernte bietet die Rh\u00f6n eine gute Gelegenheit, um eine Wanderung zum regionalen Kulturgut Streuobstwiesen mit einem Genussangebot der regionalen Gastronomie zu verbinden.<\/p>\n<p>Die Ausstellung wird in der Zeit vom19.09.2014 bis zum 09.10.2016 zu den \u00d6ffnungszeiten der Gemeindeverwaltung zug\u00e4nglich sein. F\u00fcr alle Besucher, die mehr als nur Eindr\u00fccke mitnehmen m\u00f6chten, stehen die Info-Brosch\u00fcre \u201ePartner-Projekte-Perspektiven\u201c und der Flyer \u201eRh\u00f6ner Apfelvisionen\u201c zur Verf\u00fcgung.<\/p>\n<p>Weitere Infos erhalten Sie in der Tourist-Information Hilders, Tel. 06681\/960815 und\/oder <a href=\"http:\/\/www.hilders.de\">www.hilders.de<\/a><\/p>\n<p>&nbsp;<\/p>\n","protected":false},"excerpt":{"rendered":"<div class=\"tmnf_excerpt\"><p>Hilders. Als l\u00e4nder\u00fcbergreifende Initiative im Biosph\u00e4renreservat zeigt die Apfelinitiative mit einer Ausstellung, welche Bedeutung Streuobstwiesen f\u00fcr die Natur- und Kulturlandschaft des Biosph\u00e4renreservates Rh\u00f6n haben und wirbt f\u00fcr die Erhaltung dieses Lebensraumes durch Nutzung des Obstes. Motto der Ausstellung, oder besser der \u201eKern der Ausstellung\u201c lautet \u201eRund um den Apfel: Partner-Projekte-Perspektiven\u201c.<\/p>\n<\/div>","protected":false},"author":1,"featured_media":0,"comment_status":"closed","ping_status":"closed","sticky":false,"template":"","format":"standard","meta":{"footnotes":""},"categories":[1,37],"tags":[],"class_list":["post-128465","post","type-post","status-publish","format-standard","hentry","category-startseite","category-essen-und-trinken"],"_links":{"self":[{"href":"https:\/\/www.fuldaernachrichten.de\/index.php?rest_route=\/wp\/v2\/posts\/128465","targetHints":{"allow":["GET"]}}],"collection":[{"href":"https:\/\/www.fuldaernachrichten.de\/index.php?rest_route=\/wp\/v2\/posts"}],"about":[{"href":"https:\/\/www.fuldaernachrichten.de\/index.php?rest_route=\/wp\/v2\/types\/post"}],"author":[{"embeddable":true,"href":"https:\/\/www.fuldaernachrichten.de\/index.php?rest_route=\/wp\/v2\/users\/1"}],"replies":[{"embeddable":true,"href":"https:\/\/www.fuldaernachrichten.de\/index.php?rest_route=%2Fwp%2Fv2%2Fcomments&post=128465"}],"version-history":[{"count":1,"href":"https:\/\/www.fuldaernachrichten.de\/index.php?rest_route=\/wp\/v2\/posts\/128465\/revisions"}],"predecessor-version":[{"id":128467,"href":"https:\/\/www.fuldaernachrichten.de\/index.php?rest_route=\/wp\/v2\/posts\/128465\/revisions\/128467"}],"wp:attachment":[{"href":"https:\/\/www.fuldaernachrichten.de\/index.php?rest_route=%2Fwp%2Fv2%2Fmedia&parent=128465"}],"wp:term":[{"taxonomy":"category","embeddable":true,"href":"https:\/\/www.fuldaernachrichten.de\/index.php?rest_route=%2Fwp%2Fv2%2Fcategories&post=128465"},{"taxonomy":"post_tag","embeddable":true,"href":"https:\/\/www.fuldaernachrichten.de\/index.php?rest_route=%2Fwp%2Fv2%2Ftags&post=128465"}],"curies":[{"name":"wp","href":"https:\/\/api.w.org\/{rel}","templated":true}]}}