{"id":128392,"date":"2014-08-16T00:06:36","date_gmt":"2014-08-16T00:06:36","guid":{"rendered":"http:\/\/www.fuldaer-nachrichten.de\/?p=128392"},"modified":"2014-08-16T10:09:59","modified_gmt":"2014-08-16T10:09:59","slug":"shakedown-konz-warm-up-fuer-die-adac-rallye-deutschland","status":"publish","type":"post","link":"https:\/\/www.fuldaernachrichten.de\/?p=128392","title":{"rendered":"Shakedown Konz: &#8220;Warm up&#8221; f\u00fcr die ADAC Rallye Deutschland"},"content":{"rendered":"<p><a href=\"http:\/\/www.fuldaer-nachrichten.de\/wp-content\/uploads\/2014\/08\/ADAC+Rallye+Deutschland+Shakedown+Ogier.jpg\"><img fetchpriority=\"high\" decoding=\"async\" class=\"alignnone size-full wp-image-128393\" src=\"http:\/\/www.fuldaer-nachrichten.de\/wp-content\/uploads\/2014\/08\/ADAC+Rallye+Deutschland+Shakedown+Ogier.jpg\" alt=\"ADAC+Rallye+Deutschland+Shakedown+Ogier\" width=\"560\" height=\"359\" \/><\/a><\/p>\n<p>M\u00fcnchen\/Trier. Die Rallye vor der Rallye &#8211; diese Formulierung trifft den Nagel auf den Kopf, wenn es bei der ADAC Rallye Deutschland um den Shakedown geht. Das vorgeschriebene &#8220;Warm up&#8221; f\u00fcr die Rallye-Teilnehmer findet am Donnerstag (21. August 2014) zwischen Konz und der Gemeinde Kommlingen statt. Danach erfolgt der offizielle Auftakt des deutschen Laufs zur FIA Rallye-Weltmeisterschaft beim abendlichen Show-Start an der Porta Nigra in Trier. <!--more--><\/p>\n<p>Bei der ADAC Rallye Deutschland ist der Shakedown Konz erfahrungsgem\u00e4\u00df weit mehr als ein &#8220;lockeres&#8221; Aufw\u00e4rmprogramm: Die vergangenen Jahre haben gezeigt, dass S\u00e9bastien Ogier, Jari-Matti Latvala, Thierry Neuville, Mikko Hirvonen und die anderen WRC-Stars bei dieser Trainingseinheit ebenso hochkonzentriert und mit vollem Renntempo unterwegs sind wie bei den sp\u00e4teren Wertungspr\u00fcfungen. Um den Teams einen m\u00f6glichst vielf\u00e4ltigen Vorgeschmack zu bieten, nimmt die Streckenf\u00fchrung des 4,55 km langen Shakedowns typische Elemente der bevorstehenden 18 Wertungspr\u00fcfungen der ADAC Rallye Deutschland vorweg: von schnellen Asphalt-Passagen bis hin zum Auf und Ab der Weinberge mit ihren engen Spitzkehren und den schmalen Wirtschaftswegen.<\/p>\n<p>Dank seines hohen sportlichen Niveaus hat sich der Shakedown Konz zu einem Geheimtipp f\u00fcr Fans entwickelt. Ein weiterer Grund f\u00fcr die wachsende Popularit\u00e4t: Als Zuschauer hat man hier die M\u00f6glichkeit, die Fahrzeuge ausgiebig zu beobachten &#8211; vor allem die Top-Piloten, da diese die Strecke laut Reglement mehrfach befahren m\u00fcssen.<\/p>\n<p>Die kurzen Entfernungen zwischen den einzelnen Zuschauerzonen tragen ebenfalls dazu bei, dass man den ganzen Tag \u00fcber Rallye-Action an verschiedenen Stellen genie\u00dfen kann, ohne sein Auto bewegen zu m\u00fcssen. Die vier Zuschauerbereiche des Shakedowns sind Konz (Z1), Wiltinger Kupp (Z2), Arena Kommlingen (Z3) und Spitzkehre Kommlingen\/Ziel (Z4). Die Gr\u00f6\u00dfte und beliebteste Zuschauerzone ist die Arena Kommlingen: Die Strecke f\u00fchrt hier an beiden Seiten eines gut einsehbaren Taleinschnittes entlang.<\/p>\n<p>Der Shakedown Konz beginnt am Donnerstag, 21. August 2014, um 9:30 Uhr. Die Startreihenfolge unterteilt sich in verschiedene Gruppen: Bis 11:00 Uhr fahren die sogenannten Priorit\u00e4t-1+2-Fahrer, also auch die WRC-Stars der ADAC Rallye Deutschland. Von 11:00 Uhr bis 13:00 Uhr d\u00fcrfen dar\u00fcber hinaus die Priorit\u00e4t-3-Fahrer auf die Strecke. Die weiteren WM-Teilnehmer sind von 13:30 Uhr bis 15:30 Uhr an der Reihe. Den Abschluss bilden die Teams des ADAC OPEL Rallye Cup von 15.30 Uhr bis 16.30 Uhr.<\/p>\n<p>Der Eintritt f\u00fcr den Shakedown Konz ist f\u00fcr alle Rallye-Pass-Besitzer &#8211; neben den Wertungspr\u00fcfungen und dem Zugang zum Service-Park Trier &#8211; inbegriffen. Daneben besteht auch die M\u00f6glichkeit, f\u00fcr den Tag vor Ort ein Shakedown-Ticket f\u00fcr 15,- Euro zu l\u00f6sen. W\u00e4hrend der Hauptanreisewelle gibt es f\u00fcr Besucher die im Besitz eines Rallye-Passes sind, einen extra Schnelldurchlass zu den Zuschauerzonen.<\/p>\n<p><strong>Jetzt Tickets sichern!<\/strong><\/p>\n<p>Der Vorverkauf f\u00fcr die ADAC Rallye Deutschland 2014 l\u00e4uft auf Hochtouren: Der Rallye-Pass ist zum Preis von EUR 69,- (f\u00fcr ADAC Mitglieder EUR 64,-) unter www.adac.de\/rallye-deutschland in der Rubrik &#8220;Tickets&#8221; erh\u00e4ltlich. Bei der Ticket-Bestellung besteht zus\u00e4tzlich die M\u00f6glichkeit das offizielle Rallye Magazin gegen Aufpreis von EUR 5,- zu bestellen.<\/p>\n<p><strong>Der Rallye-Pass im Detail:<\/strong><\/p>\n<p>Der Rallye-Pass der ADAC Rallye Deutschland ist auch 2014 wieder die deutsche &#8220;Flatrate&#8221; f\u00fcr vier actiongeladene Rallye-Tage. Mit ihm hat man Zugang zu allen Zuschauer-Bereichen an den Wertungspr\u00fcfungen, zum Shakedown und zum Servicepark. Dort sind Rallye-Fans ganz nah dran und k\u00f6nnen den Teams bei ihrer Arbeit \u00fcber die Schulter schauen und die Rallye-Stars bewundern.<br \/>\n<strong>\u00c2\u00a0<\/strong><br \/>\n<strong>Das Ticket beinhaltet:<\/strong><br \/>\nZugang zu allen Wertungspr\u00fcfungen an allen Tagen<br \/>\nZugang zum Servicepark an allen Tagen<br \/>\nZugang zum Shakedown am Donnerstag<br \/>\nSpectator Map mit den wichtigsten Informationen rund um das Renngeschehen<br \/>\nADAC Rallye Deutschland Ticketband<br \/>\nADAC Rallye Deutschland Aufkleber<br \/>\nAb sofort erh\u00e4ltlich: Das offizielle Magazin der ADAC Rallye Deutschland 2014<\/p>\n<p>Der Vorfreude-Turbo f\u00fcr das Rallye-Spektakel des Jahres ist da! Das offizielle Magazin zur ADAC Rallye Deutschland 2014 bietet hundert actiongeladene Seiten rund um den deutschen Weltmeisterschaftslauf. Mit allen Infos zu Fahrern, Teams, Strecken, Zuschauerpunkten und dem WRC-Reglement. Detaillierte Karten, spannende Hintergrundreportagen, exklusive Interviews, ein attraktives Gewinnspiel und viele weitere Rallye-Themen komplettieren das Standardwerk f\u00fcr Fans vor Ort und zu Hause. Erh\u00e4ltlich ist das Magazin f\u00fcr 5,- Euro unter www.adac-rallye-deutschland.de und www.adrenalin-verlag.com. W\u00e4hrend der ADAC Rallye Deutschland (21.-24. August 2014) ist es an den Tageskassen, Infopunkten und den Wertungspr\u00fcfungen verf\u00fcgbar.<\/p>\n","protected":false},"excerpt":{"rendered":"<div class=\"tmnf_excerpt\"><p>M\u00fcnchen\/Trier. Die Rallye vor der Rallye &#8211; diese Formulierung trifft den Nagel auf den Kopf, wenn es bei der ADAC Rallye Deutschland um den Shakedown geht. Das vorgeschriebene &#8220;Warm up&#8221; f\u00fcr die Rallye-Teilnehmer findet am Donnerstag (21. August 2014) zwischen Konz und der Gemeinde Kommlingen statt. Danach erfolgt der offizielle Auftakt des deutschen Laufs zur &hellip;<\/p>\n<\/div>","protected":false},"author":1,"featured_media":0,"comment_status":"closed","ping_status":"closed","sticky":false,"template":"","format":"standard","meta":{"footnotes":""},"categories":[1,35,78],"tags":[],"class_list":["post-128392","post","type-post","status-publish","format-standard","hentry","category-startseite","category-auto","category-topthema"],"_links":{"self":[{"href":"https:\/\/www.fuldaernachrichten.de\/index.php?rest_route=\/wp\/v2\/posts\/128392","targetHints":{"allow":["GET"]}}],"collection":[{"href":"https:\/\/www.fuldaernachrichten.de\/index.php?rest_route=\/wp\/v2\/posts"}],"about":[{"href":"https:\/\/www.fuldaernachrichten.de\/index.php?rest_route=\/wp\/v2\/types\/post"}],"author":[{"embeddable":true,"href":"https:\/\/www.fuldaernachrichten.de\/index.php?rest_route=\/wp\/v2\/users\/1"}],"replies":[{"embeddable":true,"href":"https:\/\/www.fuldaernachrichten.de\/index.php?rest_route=%2Fwp%2Fv2%2Fcomments&post=128392"}],"version-history":[{"count":1,"href":"https:\/\/www.fuldaernachrichten.de\/index.php?rest_route=\/wp\/v2\/posts\/128392\/revisions"}],"predecessor-version":[{"id":128394,"href":"https:\/\/www.fuldaernachrichten.de\/index.php?rest_route=\/wp\/v2\/posts\/128392\/revisions\/128394"}],"wp:attachment":[{"href":"https:\/\/www.fuldaernachrichten.de\/index.php?rest_route=%2Fwp%2Fv2%2Fmedia&parent=128392"}],"wp:term":[{"taxonomy":"category","embeddable":true,"href":"https:\/\/www.fuldaernachrichten.de\/index.php?rest_route=%2Fwp%2Fv2%2Fcategories&post=128392"},{"taxonomy":"post_tag","embeddable":true,"href":"https:\/\/www.fuldaernachrichten.de\/index.php?rest_route=%2Fwp%2Fv2%2Ftags&post=128392"}],"curies":[{"name":"wp","href":"https:\/\/api.w.org\/{rel}","templated":true}]}}