{"id":128368,"date":"2014-08-15T00:09:58","date_gmt":"2014-08-15T00:09:58","guid":{"rendered":"http:\/\/www.fuldaer-nachrichten.de\/?p=128368"},"modified":"2014-08-14T18:38:20","modified_gmt":"2014-08-14T18:38:20","slug":"landkreis-schmalkalden-meiningen-wirbt-fuer-die-dachmarke-rhoen","status":"publish","type":"post","link":"https:\/\/www.fuldaernachrichten.de\/?p=128368","title":{"rendered":"Landkreis Schmalkalden-Meiningen wirbt f\u00fcr die Dachmarke Rh\u00f6n"},"content":{"rendered":"<p><a href=\"http:\/\/www.fuldaer-nachrichten.de\/wp-content\/uploads\/2014\/08\/dachmarke-rh\u00f6n_meininger-parkwelten.jpg\"><img fetchpriority=\"high\" decoding=\"async\" class=\"alignnone size-full wp-image-128369\" src=\"http:\/\/www.fuldaer-nachrichten.de\/wp-content\/uploads\/2014\/08\/dachmarke-rh\u00f6n_meininger-parkwelten.jpg\" alt=\"dachmarke rh\u00f6n_meininger parkwelten\" width=\"560\" height=\"320\" \/><\/a><\/p>\n<p>RH\u00d6N \/ MEININGEN. Mit zahlreichen Partnerbetrieben pr\u00e4sentieren sich auch in diesem Jahr wieder die Dachmarke Rh\u00f6n und das Rh\u00f6nforum e.V. als Verein f\u00fcr Regionalentwicklung und Tourismus in der Th\u00fcringer Rh\u00f6n auf den \u201eMeininger Parkwelten\u201c. Der Stand des Landkreises Schmalkalden-Meiningen wird sich in Gemeinschaft mit der Dachmarke Rh\u00f6n darbieten und ist vom 5. bis 7. September im Meininger Schlosspark zwischen dem Schloss und dem Marstall zu finden.<!--more--><\/p>\n<p>\u201eBis zum Jahresende hat der Landkreis Schmalkalden-Meiningen den Vorsitz des L\u00e4nder \u00fcbergreifenden Vereins Dachmarke Rh\u00f6n e.V. und der Regionalen Arbeitsgemeinschaft Rh\u00f6n inne. Es war mir in den vergangenen zwei Jahren ein besonderes Anliegen, f\u00fcr die Idee der Dachmarke Rh\u00f6n zu werben, denn Th\u00fcringen hat in punkto Partnerbetriebe der Dachmarke Rh\u00f6n starken Nachholbedarf gegen\u00fcber Bayern und Hessen. Deshalb wollen wir auch die ,Meininger Parkwelten\u00e2\u20ac\u02dc nutzen, um die Dachmarke Rh\u00f6n nach allen Kr\u00e4ften zu unterst\u00fctzen und f\u00fcr sie zu werben\u201c, sagt der Landrat des Landkreises Schmalkalden-Meiningen, Peter Heimrich. Der Landkreis werde am Gemeinschaftsstand mit Dachmarke Rh\u00f6n und Rh\u00f6nforum e.V. au\u00dferdem eigene Projekte vorstellen.<\/p>\n<p>\u201eDie Dachmarke Rh\u00f6n mit ihren Ern\u00e4hrungshandwerkern, die nach ganz speziellen Qualit\u00e4tskriterien arbeiten, passt gut in den Rahmen der ,Meininger Parkwelten\u00e2\u20ac\u02dc\u201c, ist sich Martina Kl\u00fcber-Wibelitz aus Schleid sicher, die an allen Tagen im Auftrag der Dachmarke Rh\u00f6n und des Rh\u00f6nforum e.V. den Stand mit betreut. Die Pr\u00e4sentation auf den \u201eMeininger Parkwelten\u201c ist Teil der Regionalkampagne des Rh\u00f6nforum e.V. \u201eWir sind Rh\u00f6n in Th\u00fcringen\u201c.<\/p>\n<p>Vom 5. bis 7. September werden sich zum einen Unternehmen, die sich f\u00fcr eine Mitgliedschaft in der Dachmarke Rh\u00f6n interessieren, dar\u00fcber informieren k\u00f6nnen, was das Netzwerk der Partnerbetriebe der Dachmarke Rh\u00f6n bereits leistet und welche Vermarktungschancen es f\u00fcr hochwertige Qualit\u00e4tsprodukte aus dem Biosph\u00e4renreservat Rh\u00f6n gibt. Hierzu wird umfangreiches Informationsmaterial zur Verf\u00fcgung stehen und auch gen\u00fcgend Zeit f\u00fcr pers\u00f6nliche Gespr\u00e4che sein, ist sich Kl\u00fcber-Wibelitz sicher. Die Endverbraucher k\u00f6nnen sich \u00fcber die speziellen Qualit\u00e4tskriterien der Produkte informieren und diese nat\u00fcrlich auch verkosten und k\u00e4uflich erwerben.<\/p>\n<p>Am 5. September wird sich die Firma O-L-A Obstweine, Lik\u00f6re und Ansatzschn\u00e4pse aus Oberalba pr\u00e4sentieren. Hierbei gibt es auch Wissenswertes rund um gesundheitsf\u00f6rdernde Aspekte sowie zu Heilwirkungen, die schon aus fr\u00fcherer Zeit bekannt sind. Au\u00dferdem wird die Rh\u00f6nbrauerei Dittmar aus Kaltennordheim ihre Bierspezialit\u00e4ten und den mit Silber pr\u00e4mierten Bierbrand der Dachmarke Rh\u00f6n vorstellen.<\/p>\n<p>Am Samstag, 6. September, werden drei Partnerbetriebe der Dachmarke Rh\u00f6n vor Ort sein und f\u00fcr ihre Produkte werben. Neben O-L-A aus Oberalba sind dies die Agrargenossenschaft \u201eRh\u00f6nland\u201c aus Dermbach (Nudeln, Eier, Wurstkonserven, Rohwurstsortiment) und die Rh\u00f6BiNo GbR aus Nordheim v. d. Rh\u00f6n (Holunderwein, Holundergelee, Holunder-Muttersaft).<\/p>\n<p>Am Sonntag, 7. September, stehen der K\u00e4se der Hofk\u00e4serei Belrieth, edle Br\u00e4nde und Weine von Weinbau Keller aus Ramsthal und das Raps\u00f6l der \u00d6lm\u00fchle Rehberg aus Hofbieber im Mittelpunkt.<\/p>\n<p>Au\u00dferdem werden sich der MineralBrunnen Rh\u00f6nSprudel neben der Rh\u00f6nbrauerei Dittmar und dem Weinbau Keller in den \u201eGenusswelten\u201c im Marstall als Partnerbetriebe der Dachmarke Rh\u00f6n vorstellen. Mit Dr. Gerold Ditzel von der Agrargenossenschaft \u201eRh\u00f6nland\u201c, Gerhard Schuck von O-L-A Oberalba und Christel Reukauf von der Rh\u00f6nbrauerei Dittmar sind zugleich drei Regionalbotschafter der Dachmarke Rh\u00f6n auf den \u201eMeininger Parkwelten\u201c vertreten, die seit einem Jahr in der Th\u00fcringer Rh\u00f6n gezielt f\u00fcr die Idee der Dachmarke Rh\u00f6n werben.<\/p>\n<p>Weitergehende Informationen zu den \u201eMeininger Parkwelten\u201c gibt es auch im Internet unter www.mega-meiningen.de.<\/p>\n","protected":false},"excerpt":{"rendered":"<div class=\"tmnf_excerpt\"><p>RH\u00d6N \/ MEININGEN. Mit zahlreichen Partnerbetrieben pr\u00e4sentieren sich auch in diesem Jahr wieder die Dachmarke Rh\u00f6n und das Rh\u00f6nforum e.V. als Verein f\u00fcr Regionalentwicklung und Tourismus in der Th\u00fcringer Rh\u00f6n auf den \u201eMeininger Parkwelten\u201c. Der Stand des Landkreises Schmalkalden-Meiningen wird sich in Gemeinschaft mit der Dachmarke Rh\u00f6n darbieten und ist vom 5. bis 7. September &hellip;<\/p>\n<\/div>","protected":false},"author":1,"featured_media":0,"comment_status":"closed","ping_status":"closed","sticky":false,"template":"","format":"standard","meta":{"footnotes":""},"categories":[1,78,52],"tags":[],"class_list":["post-128368","post","type-post","status-publish","format-standard","hentry","category-startseite","category-topthema","category-umwelt"],"_links":{"self":[{"href":"https:\/\/www.fuldaernachrichten.de\/index.php?rest_route=\/wp\/v2\/posts\/128368","targetHints":{"allow":["GET"]}}],"collection":[{"href":"https:\/\/www.fuldaernachrichten.de\/index.php?rest_route=\/wp\/v2\/posts"}],"about":[{"href":"https:\/\/www.fuldaernachrichten.de\/index.php?rest_route=\/wp\/v2\/types\/post"}],"author":[{"embeddable":true,"href":"https:\/\/www.fuldaernachrichten.de\/index.php?rest_route=\/wp\/v2\/users\/1"}],"replies":[{"embeddable":true,"href":"https:\/\/www.fuldaernachrichten.de\/index.php?rest_route=%2Fwp%2Fv2%2Fcomments&post=128368"}],"version-history":[{"count":1,"href":"https:\/\/www.fuldaernachrichten.de\/index.php?rest_route=\/wp\/v2\/posts\/128368\/revisions"}],"predecessor-version":[{"id":128370,"href":"https:\/\/www.fuldaernachrichten.de\/index.php?rest_route=\/wp\/v2\/posts\/128368\/revisions\/128370"}],"wp:attachment":[{"href":"https:\/\/www.fuldaernachrichten.de\/index.php?rest_route=%2Fwp%2Fv2%2Fmedia&parent=128368"}],"wp:term":[{"taxonomy":"category","embeddable":true,"href":"https:\/\/www.fuldaernachrichten.de\/index.php?rest_route=%2Fwp%2Fv2%2Fcategories&post=128368"},{"taxonomy":"post_tag","embeddable":true,"href":"https:\/\/www.fuldaernachrichten.de\/index.php?rest_route=%2Fwp%2Fv2%2Ftags&post=128368"}],"curies":[{"name":"wp","href":"https:\/\/api.w.org\/{rel}","templated":true}]}}