{"id":128207,"date":"2014-08-12T06:43:29","date_gmt":"2014-08-12T06:43:29","guid":{"rendered":"http:\/\/www.fuldaer-nachrichten.de\/?p=128207"},"modified":"2014-08-12T06:43:29","modified_gmt":"2014-08-12T06:43:29","slug":"neue-berufsbegleitende-weiterbildung-sprachbildung-und-sprachfoerderung-in-krippe-und-kindergarten","status":"publish","type":"post","link":"https:\/\/www.fuldaernachrichten.de\/?p=128207","title":{"rendered":"Neue berufsbegleitende Weiterbildung: Sprachbildung und Sprachf\u00f6rderung in Krippe und Kindergarten"},"content":{"rendered":"<p>Fulda. Kinder vom Krippen- bis zum Schulalter in ihrer Sprachentwicklung begleiten und unterst\u00fctzen: Das ist das Anliegen der neuen berufsbegleitenden Weiterbildung \u201eSprachbildung und Sprachf\u00f6rderung in Krippe und Kindergarten\u201c an der Hochschule Fulda.<!--more--><\/p>\n<p>Die Weiterbildung wendet sich an alle p\u00e4dagogischen Fachkr\u00e4fte (z.B. ErzieherInnen und Sozialp\u00e4dagogInnen), die Kompetenzen f\u00fcr die inklusive sprachp\u00e4dagogische Arbeit mit Kindern aufbauen m\u00f6chten. Ein Schwerpunkt liegt auf den besonderen Bed\u00fcrfnissen von mehrsprachig aufwachsenden Kindern. Geleitet wird die Weiterbildung von der P\u00e4dagogin und Sprachwissenschaftlerin Prof. Dr. Edith Bauer.<\/p>\n<p>Die Weiterbildung beginnt am 26. September 2014. Sie umfasst sechs Bausteine, die alle auch einzeln gebucht werden k\u00f6nnen. Die Teilnahme ist kostenpflichtig.<\/p>\n<p>Alle weiteren Informationen gibt es im Internet unter <a href=\"http:\/\/www.hs-fulda.de\/sprachbildung\">www.hs-fulda.de\/sprachbildung<\/a> oder direkt bei der Hochschule Fulda, Zentrum f\u00fcr wissenschaftliche Weiterbildung (ZWW), Tel.: 0661 9640-7420, E-Mail: <a href=\"mailto:weiterbildung@hs-fulda.de\">weiterbildung@hs-fulda.de<\/a>, Ansprechpartnerin: Sabine Steininger.<\/p>\n<p>&nbsp;<\/p>\n","protected":false},"excerpt":{"rendered":"<div class=\"tmnf_excerpt\"><p>Fulda. Kinder vom Krippen- bis zum Schulalter in ihrer Sprachentwicklung begleiten und unterst\u00fctzen: Das ist das Anliegen der neuen berufsbegleitenden Weiterbildung \u201eSprachbildung und Sprachf\u00f6rderung in Krippe und Kindergarten\u201c an der Hochschule Fulda.<\/p>\n<\/div>","protected":false},"author":1,"featured_media":0,"comment_status":"closed","ping_status":"closed","sticky":false,"template":"","format":"standard","meta":{"footnotes":""},"categories":[1,48],"tags":[],"class_list":["post-128207","post","type-post","status-publish","format-standard","hentry","category-startseite","category-forschung"],"_links":{"self":[{"href":"https:\/\/www.fuldaernachrichten.de\/index.php?rest_route=\/wp\/v2\/posts\/128207","targetHints":{"allow":["GET"]}}],"collection":[{"href":"https:\/\/www.fuldaernachrichten.de\/index.php?rest_route=\/wp\/v2\/posts"}],"about":[{"href":"https:\/\/www.fuldaernachrichten.de\/index.php?rest_route=\/wp\/v2\/types\/post"}],"author":[{"embeddable":true,"href":"https:\/\/www.fuldaernachrichten.de\/index.php?rest_route=\/wp\/v2\/users\/1"}],"replies":[{"embeddable":true,"href":"https:\/\/www.fuldaernachrichten.de\/index.php?rest_route=%2Fwp%2Fv2%2Fcomments&post=128207"}],"version-history":[{"count":1,"href":"https:\/\/www.fuldaernachrichten.de\/index.php?rest_route=\/wp\/v2\/posts\/128207\/revisions"}],"predecessor-version":[{"id":128208,"href":"https:\/\/www.fuldaernachrichten.de\/index.php?rest_route=\/wp\/v2\/posts\/128207\/revisions\/128208"}],"wp:attachment":[{"href":"https:\/\/www.fuldaernachrichten.de\/index.php?rest_route=%2Fwp%2Fv2%2Fmedia&parent=128207"}],"wp:term":[{"taxonomy":"category","embeddable":true,"href":"https:\/\/www.fuldaernachrichten.de\/index.php?rest_route=%2Fwp%2Fv2%2Fcategories&post=128207"},{"taxonomy":"post_tag","embeddable":true,"href":"https:\/\/www.fuldaernachrichten.de\/index.php?rest_route=%2Fwp%2Fv2%2Ftags&post=128207"}],"curies":[{"name":"wp","href":"https:\/\/api.w.org\/{rel}","templated":true}]}}