{"id":128124,"date":"2014-08-09T00:10:13","date_gmt":"2014-08-09T00:10:13","guid":{"rendered":"http:\/\/www.fuldaer-nachrichten.de\/?p=128124"},"modified":"2014-08-09T07:41:25","modified_gmt":"2014-08-09T07:41:25","slug":"bieberstein-bei-langenbieber-zaehlt-wie-oberbernhardser-hoehe-zu-den-sehr-kleinen-naturschutzgebieten-im-landkreis-fulda","status":"publish","type":"post","link":"https:\/\/www.fuldaernachrichten.de\/?p=128124","title":{"rendered":"\u201eBieberstein bei Langenbieber\u201c z\u00e4hlt wie \u201eOberbernhardser H\u00f6he\u201c zu den sehr kleinen Naturschutzgebieten im Landkreis Fulda"},"content":{"rendered":"<p><a href=\"http:\/\/www.fuldaer-nachrichten.de\/wp-content\/uploads\/2014\/08\/381-Bieberstein-1.jpg\"><img fetchpriority=\"high\" decoding=\"async\" class=\"alignnone size-full wp-image-128125\" src=\"http:\/\/www.fuldaer-nachrichten.de\/wp-content\/uploads\/2014\/08\/381-Bieberstein-1.jpg\" alt=\"381-Bieberstein 1\" width=\"560\" height=\"410\" \/><\/a><\/p>\n<p>Hofbieber. Der Bieberstein bei Langenbieber ist ein sehr kleines, nur rund sieben Hektar umfassendes Naturschutzgebiet, das sich \u00f6stlich von Langenbieber auf einer Meeresh\u00f6he von 400 bis 500 Meter befindet und zum Naturraum \u201eS\u00fcdliche Kuppenrh\u00f6n\u201c geh\u00f6rt.<!--more--><\/p>\n<p>Im Gegensatz zum Stellberg und dem steil aufragenden Phonolithkegel der Milseburg stellt der Bieberstein jedoch eine Basaltkuppe dar, die sich \u00fcber einem Rumpf aus Oberem Buntsandstein im S\u00fcden und Muschelkalk im Norden erhebt. W\u00e4hrend Phonolith sich zu basen\u00e4rmeren und sauren B\u00f6den entwickelt, sind die Basaltverwitterungsb\u00f6den n\u00e4hrstoff- und basenreicher.<\/p>\n<p>Die unter Schutz stehende Fl\u00e4che des Biebersteins wird ausschlie\u00dflich von Wald gepr\u00e4gt. Da weite Teile des Gebiets von Basalt-Blockschutt \u00fcbers\u00e4t sind, handelt es sich dabei vor allem um Blockschuttwald, der sehr naturnah erhalten und durch ein reichhaltiges Vorkommen der Sommerlinde gekennzeichnet ist. Hierzu gesellen sich Berg-Ahorn, Spitz-Ahorn, Berg-Ulme und Esche. Ein hoher Anteil an Alt- und Totholz tr\u00e4gt zum urwaldartigen Charakter dieser Waldbereiche bei. Die \u00fcppige Krautschicht zeichnet sich beispielsweise durch Pflanzenarten wie Christophskraut, Gro\u00dfbl\u00fctiges Springkraut, Sauerklee, Haselwurz oder Wald-Bingelkraut aus.<\/p>\n<p>Neben dem Blockschuttwald kommen nat\u00fcrlich altersgestufte Buchenwaldbest\u00e4nde vor, die teilweise ebenfalls urwaldartig ausgebildet sind. Hier sind unter anderem Maigl\u00f6ckchen, Zwiebel-Zahnwurz, Aronstab, Hexenkraut und Nesselbl\u00e4ttrige Glockenblume anzutreffen.<\/p>\n<p>&nbsp;<\/p>\n","protected":false},"excerpt":{"rendered":"<div class=\"tmnf_excerpt\"><p>Hofbieber. Der Bieberstein bei Langenbieber ist ein sehr kleines, nur rund sieben Hektar umfassendes Naturschutzgebiet, das sich \u00f6stlich von Langenbieber auf einer Meeresh\u00f6he von 400 bis 500 Meter befindet und zum Naturraum \u201eS\u00fcdliche Kuppenrh\u00f6n\u201c geh\u00f6rt.<\/p>\n<\/div>","protected":false},"author":1,"featured_media":0,"comment_status":"closed","ping_status":"closed","sticky":false,"template":"","format":"standard","meta":{"footnotes":""},"categories":[1,78,52],"tags":[],"class_list":["post-128124","post","type-post","status-publish","format-standard","hentry","category-startseite","category-topthema","category-umwelt"],"_links":{"self":[{"href":"https:\/\/www.fuldaernachrichten.de\/index.php?rest_route=\/wp\/v2\/posts\/128124","targetHints":{"allow":["GET"]}}],"collection":[{"href":"https:\/\/www.fuldaernachrichten.de\/index.php?rest_route=\/wp\/v2\/posts"}],"about":[{"href":"https:\/\/www.fuldaernachrichten.de\/index.php?rest_route=\/wp\/v2\/types\/post"}],"author":[{"embeddable":true,"href":"https:\/\/www.fuldaernachrichten.de\/index.php?rest_route=\/wp\/v2\/users\/1"}],"replies":[{"embeddable":true,"href":"https:\/\/www.fuldaernachrichten.de\/index.php?rest_route=%2Fwp%2Fv2%2Fcomments&post=128124"}],"version-history":[{"count":1,"href":"https:\/\/www.fuldaernachrichten.de\/index.php?rest_route=\/wp\/v2\/posts\/128124\/revisions"}],"predecessor-version":[{"id":128126,"href":"https:\/\/www.fuldaernachrichten.de\/index.php?rest_route=\/wp\/v2\/posts\/128124\/revisions\/128126"}],"wp:attachment":[{"href":"https:\/\/www.fuldaernachrichten.de\/index.php?rest_route=%2Fwp%2Fv2%2Fmedia&parent=128124"}],"wp:term":[{"taxonomy":"category","embeddable":true,"href":"https:\/\/www.fuldaernachrichten.de\/index.php?rest_route=%2Fwp%2Fv2%2Fcategories&post=128124"},{"taxonomy":"post_tag","embeddable":true,"href":"https:\/\/www.fuldaernachrichten.de\/index.php?rest_route=%2Fwp%2Fv2%2Ftags&post=128124"}],"curies":[{"name":"wp","href":"https:\/\/api.w.org\/{rel}","templated":true}]}}