{"id":128030,"date":"2014-08-07T00:09:41","date_gmt":"2014-08-07T00:09:41","guid":{"rendered":"http:\/\/www.fuldaer-nachrichten.de\/?p=128030"},"modified":"2014-08-06T14:54:43","modified_gmt":"2014-08-06T14:54:43","slug":"spezielle-tourismusangebote-fuer-pflegebeduerftige-gewinnen-an-bedeutung-barrierefreiheit-und-bessere-mobilitaetsangebote","status":"publish","type":"post","link":"https:\/\/www.fuldaernachrichten.de\/?p=128030","title":{"rendered":"Spezielle Tourismusangebote f\u00fcr Pflegebed\u00fcrftige gewinnen  an Bedeutung &#8211; Barrierefreiheit und bessere Mobilit\u00e4tsangebote"},"content":{"rendered":"<div id=\"attachment_128031\" style=\"width: 570px\" class=\"wp-caption alignnone\"><a href=\"http:\/\/www.fuldaer-nachrichten.de\/wp-content\/uploads\/2014\/08\/353-Spezielle-Tourismusangebote1.jpg\"><img fetchpriority=\"high\" decoding=\"async\" aria-describedby=\"caption-attachment-128031\" class=\"size-full wp-image-128031\" src=\"http:\/\/www.fuldaer-nachrichten.de\/wp-content\/uploads\/2014\/08\/353-Spezielle-Tourismusangebote1.jpg\" alt=\"In der Region gibt es wie hier in der Fuldaaue zahlreiche attraktive Ausflugsziele f\u00fcr Senio-ren.  Fotos: Plappert \" width=\"560\" height=\"355\" \/><\/a><p id=\"caption-attachment-128031\" class=\"wp-caption-text\">In der Region gibt es wie hier in der Fuldaaue zahlreiche attraktive Ausflugsziele f\u00fcr Senio-ren.<br \/>Fotos: Plappert<\/p><\/div>\n<p>Fulda. Ferienzeit ist Reisezeit. Dies gilt f\u00fcr \u00e4ltere Mitb\u00fcrger weniger, denn diese sind in der Urlaubsplanung nicht auf die Schulferien festgelegt. Es sei denn, sie wollen gemeinsam mit ihren Enkelkindern verreisen &#8211; eine Zahl, die stetig zunimmt. In der \u00fcberwiegenden Mehrzahl stehen Senioren dem Urlaubsmarkt die meiste Zeit des Jahres zur Verf\u00fcgung. Sie sind also eine interessante touristische Zielgruppe, deren Bedeutung angesichts des demografischen Wandels weiter zunehmen wird.<!--more--><\/p>\n<p>Grund genug f\u00fcr die fachdienst\u00fcbergreifende Arbeitsgruppe der Kreisverwaltung \u201eLeben im Alter\u201c, sich mit seniorengerechten Urlaubsangeboten zu besch\u00e4ftigen, wor\u00fcber Roland Frormann von der Rh\u00f6n Tourismus &amp; Service GmbH referierte. Die Arbeitsgruppe hat sich vor eineinhalb Jahren auf Anregung des Ersten Kreisbeigeordneten Dr. Heiko Wingenfeld zusammengefunden, um Mitarbeiter und T\u00e4tigkeitsbereiche, die in unterschiedliche Weise mit \u00e4lteren Mitb\u00fcrgern befasst sind, besser miteinander zu vernetzen, die bestehende Angebote in der \u00d6ffentlichkeit bekannter zu machen, aber auch Anst\u00f6\u00dfe f\u00fcr eine inhaltliche Weiterentwicklung zu geben.<\/p>\n<p>Nach den Ausf\u00fchrungen von Roland Frormann ist in Folge der schwindenden Gesamtbev\u00f6lkerung mit einem R\u00fcckgang der touristischen Nachfrage zu rechnen. So d\u00fcrfte sich die Zahl der Tagesausfl\u00fcgler in die Rh\u00f6n bis zum Jahr 2025 um 900.000 auf 19,1 Millionen und die Zahl der \u00dcbernachtungen um 125.000 auf 4,8 Millionen verringern. Hingegen werden sich die Reisegewohnheiten eher weniger ver\u00e4ndern. Das Reiseverhalten der k\u00fcnftig 60- bis 70-j\u00e4hrigen wird vermutlich dem der heute 40- bis 50-j\u00e4hrigen entsprechen. Allerdings k\u00f6nnen Einschr\u00e4nkungen aufgrund geringer werdender Mobilit\u00e4t und durch zunehmende gesundheitliche Beeintr\u00e4chtigungen auftreten.<\/p>\n<p>Vor diesem Hintergrund sieht Frormann durchaus Perspektiven f\u00fcr die Rh\u00f6n, die zwar einen gewissen Bekanntheits- und Beliebtheitsgrad erreicht habe. Angesichts einer insgesamt schrumpfenden touristischen Nachfrage m\u00fcsse es aber gelingen, die Rh\u00f6n noch gezielter zu vermarkten und ihre St\u00e4rken als Aktivit\u00e4ts-, Erholungs- und Gesundheitsregion st\u00e4rker herauszustellen. \u201eWir verkaufen uns unter Wert.\u201c Dies bedeute aber auch, f\u00fcr eine weitgehende Barrierefreiheit in der touristischen Infrastruktur und bessere Mobilit\u00e4tsangebote Sorge zu tragen. In diesem Zusammenhang bem\u00e4ngelten die Arbeitsgruppenmitglieder beispielsweise das Fehlen von seniorengerechten Ausflugsf\u00fchrern.<\/p>\n<p>Diese Defizite sollten auf Vorschlag der Arbeitsgruppe auch bei der Fortschreibung der regionalen Entwicklungskonzepte f\u00fcr die Rh\u00f6n und Fulda-S\u00fcdwest ber\u00fccksichtigt werden. Dies gilt ebenso f\u00fcr den zunehmenden Fachkr\u00e4ftemangel gerade in der Gastronomie. Ein Wachstumssegment stellen nach \u00fcbereinstimmender Auffassung der Mitglieder Tourismusangebote f\u00fcr Pflegebed\u00fcrftige dar, um diesen gemeinsam mit ihren mitreisenden Angeh\u00f6rigen in speziell daf\u00fcr ausgestatteten Einrichtungen, in denen von der abgesenkten Rezeption bis zur Fachkrankenschwester alles auf die Zielgruppe abgestellt ist, einen entspannenden und erholsamen Urlaub zu erm\u00f6glichen.<\/p>\n","protected":false},"excerpt":{"rendered":"<div class=\"tmnf_excerpt\"><p>Fulda. Ferienzeit ist Reisezeit. Dies gilt f\u00fcr \u00e4ltere Mitb\u00fcrger weniger, denn diese sind in der Urlaubsplanung nicht auf die Schulferien festgelegt. Es sei denn, sie wollen gemeinsam mit ihren Enkelkindern verreisen &#8211; eine Zahl, die stetig zunimmt. In der \u00fcberwiegenden Mehrzahl stehen Senioren dem Urlaubsmarkt die meiste Zeit des Jahres zur Verf\u00fcgung. Sie sind also &hellip;<\/p>\n<\/div>","protected":false},"author":1,"featured_media":0,"comment_status":"closed","ping_status":"closed","sticky":false,"template":"","format":"standard","meta":{"footnotes":""},"categories":[1,78,52],"tags":[],"class_list":["post-128030","post","type-post","status-publish","format-standard","hentry","category-startseite","category-topthema","category-umwelt"],"_links":{"self":[{"href":"https:\/\/www.fuldaernachrichten.de\/index.php?rest_route=\/wp\/v2\/posts\/128030","targetHints":{"allow":["GET"]}}],"collection":[{"href":"https:\/\/www.fuldaernachrichten.de\/index.php?rest_route=\/wp\/v2\/posts"}],"about":[{"href":"https:\/\/www.fuldaernachrichten.de\/index.php?rest_route=\/wp\/v2\/types\/post"}],"author":[{"embeddable":true,"href":"https:\/\/www.fuldaernachrichten.de\/index.php?rest_route=\/wp\/v2\/users\/1"}],"replies":[{"embeddable":true,"href":"https:\/\/www.fuldaernachrichten.de\/index.php?rest_route=%2Fwp%2Fv2%2Fcomments&post=128030"}],"version-history":[{"count":1,"href":"https:\/\/www.fuldaernachrichten.de\/index.php?rest_route=\/wp\/v2\/posts\/128030\/revisions"}],"predecessor-version":[{"id":128032,"href":"https:\/\/www.fuldaernachrichten.de\/index.php?rest_route=\/wp\/v2\/posts\/128030\/revisions\/128032"}],"wp:attachment":[{"href":"https:\/\/www.fuldaernachrichten.de\/index.php?rest_route=%2Fwp%2Fv2%2Fmedia&parent=128030"}],"wp:term":[{"taxonomy":"category","embeddable":true,"href":"https:\/\/www.fuldaernachrichten.de\/index.php?rest_route=%2Fwp%2Fv2%2Fcategories&post=128030"},{"taxonomy":"post_tag","embeddable":true,"href":"https:\/\/www.fuldaernachrichten.de\/index.php?rest_route=%2Fwp%2Fv2%2Ftags&post=128030"}],"curies":[{"name":"wp","href":"https:\/\/api.w.org\/{rel}","templated":true}]}}