{"id":127981,"date":"2014-08-05T00:09:22","date_gmt":"2014-08-05T00:09:22","guid":{"rendered":"http:\/\/www.fuldaer-nachrichten.de\/?p=127981"},"modified":"2014-08-04T14:47:55","modified_gmt":"2014-08-04T14:47:55","slug":"mitarbeiter-des-landkreises-fulda-besichtigen-aussenstelle-der-hessischen-erstaufnahmeeinrichtung-am-frankfurter-flughafen","status":"publish","type":"post","link":"https:\/\/www.fuldaernachrichten.de\/?p=127981","title":{"rendered":"Mitarbeiter des Landkreises Fulda besichtigen Au\u00dfenstelle der Hessischen Erstaufnahmeeinrichtung am Frankfurter Flughafen"},"content":{"rendered":"<div id=\"attachment_127982\" style=\"width: 570px\" class=\"wp-caption alignnone\"><a href=\"http:\/\/www.fuldaer-nachrichten.de\/wp-content\/uploads\/2014\/08\/351-Au\u00dfenanlage-HEAE-Airport.jpg\"><img fetchpriority=\"high\" decoding=\"async\" aria-describedby=\"caption-attachment-127982\" class=\"size-full wp-image-127982\" src=\"http:\/\/www.fuldaer-nachrichten.de\/wp-content\/uploads\/2014\/08\/351-Au\u00dfenanlage-HEAE-Airport.jpg\" alt=\"Die Au\u00dfenstelle der Hessischen Erstaufnahmeeinrichtung am Frankfurter Flughafen verf\u00fcgt \u00fcber 100 Unterkunftspl\u00e4tze.                Foto: HEAE\" width=\"560\" height=\"410\" \/><\/a><p id=\"caption-attachment-127982\" class=\"wp-caption-text\">Die Au\u00dfenstelle der Hessischen Erstaufnahmeeinrichtung am Frankfurter Flughafen verf\u00fcgt \u00fcber 100 Unterkunftspl\u00e4tze. Foto: HEAE<\/p><\/div>\n<p>Frankfurt\/Fulda. Die Mitarbeiter des Sachgebiets Zuwanderung der Kreisverwaltung haben die Au\u00dfenstelle der Hessischen Erstaufnahmeeinrichtung (HEAE) am Frankfurter Flughafen besichtigt. Bereits im Oktober bekamen sie bei einem Besuch der Erstaufnahmeeinrichtung in Gie\u00dfen einen Eindruck vom Ablauf der Erstaufnahme von Asylbewerbern in Hessen.<!--more--><\/p>\n<p>Michael Duchardt, Leiter der HEAE-Au\u00dfenstelle, begr\u00fc\u00dfte die Teilnehmer und f\u00fchrte in das Thema \u201eAsyl-Flughafenverfahren\u201c ein. Dabei unterst\u00fctzte ihn ein Vertreter der Bundespolizei, der seine Erfahrungen im Umgang mit Asylbewerbern am Flughafen sehr lebendig und praxisnah schilderte. Bei den Ausf\u00fchrungen wurden vor allem die Besonderheiten gegen\u00fcber der Aufnahme von Asylbewerbern in der Erstaufnahmeeinrichtung in Gie\u00dfen angesprochen.<\/p>\n<p>Der Flughafen Frankfurt\/Main ist die gr\u00f6\u00dfte Schengen-Au\u00dfengrenze Deutschlands. Seit dem \u201eAsylkompromiss\u201c von 1993 (zuvor gab es kein Asyl-Flughafenverfahren) werden Asylsuchende, die \u00fcber den Flughafen einreisen, f\u00fcr die Dauer ihres Verfahrens in der im Mai 2002 bezogenen HEAE-Au\u00dfenstelle untergebracht. Das \u201eexterritoriale Gel\u00e4nde\u201c befindet sich im Bereich Cargo City S\u00fcd und geh\u00f6rt zur Transitzone des Frankfurter Flughafens.<\/p>\n<p>Weiterhin sind in dem Geb\u00e4ude die Bundespolizei und die Au\u00dfenstelle des Bundesamtes f\u00fcr Migration und Fl\u00fcchtlinge untergebracht. Da sich die Asylbewerber in einem Transitbereich befinden, d\u00fcrfen sie die Au\u00dfenstelle nicht verlassen, k\u00f6nnen aber jederzeit &#8211; nach einer entsprechenden Anmeldung und \u00dcberpr\u00fcfung &#8211; Verwandte und Freunde empfangen. Die Au\u00dfenstelle verf\u00fcgt \u00fcber 100 Unterkunftspl\u00e4tze, die sich auf 25 Zimmer zu je 20 Quadratmeter verteilen.<\/p>\n<p>Hohe Priorit\u00e4t wird auf die soziale Betreuung der Asylbewerber gelegt, worum sich 16 Mitarbeiter der Au\u00dfenstelle k\u00fcmmern. Unter anderem stehen den Asylbewerbern zwei Aufenthaltsr\u00e4ume, ein Fitnessraum, eine Bibliothek mit Literatur in allen g\u00e4ngigen Sprachen, zwei Gebetsr\u00e4ume, getrennt f\u00fcr Christen und Muslime, ein anrufbares, frei zug\u00e4ngliches Kartentelefon sowie ein Au\u00dfengel\u00e4nde mit Sportm\u00f6glichkeiten und Ruhezonen zur Verf\u00fcgung.<\/p>\n<p>Laut Aussage von Dienststellenleiter Duchardt ist die HEAE-Au\u00dfenstelle am Frankfurter Flughafen normalerweise zu 60 bis 80 Prozent ausgelastet. Die durchschnittliche Aufenthaltsdauer der Asylbewerber betrug in 2013 acht Werktage. Unterschiede zur Erstaufnahmeeinrichtung in Gie\u00dfen bestehen darin, dass der Transitbereich nicht verlassen werden darf. Daf\u00fcr ist die Sozialbetreuung wesentlich intensiver und das Freizeitangebot gr\u00f6\u00dfer.<\/p>\n","protected":false},"excerpt":{"rendered":"<div class=\"tmnf_excerpt\"><p>Frankfurt\/Fulda. Die Mitarbeiter des Sachgebiets Zuwanderung der Kreisverwaltung haben die Au\u00dfenstelle der Hessischen Erstaufnahmeeinrichtung (HEAE) am Frankfurter Flughafen besichtigt. Bereits im Oktober bekamen sie bei einem Besuch der Erstaufnahmeeinrichtung in Gie\u00dfen einen Eindruck vom Ablauf der Erstaufnahme von Asylbewerbern in Hessen.<\/p>\n<\/div>","protected":false},"author":1,"featured_media":0,"comment_status":"closed","ping_status":"closed","sticky":false,"template":"","format":"standard","meta":{"footnotes":""},"categories":[1,29,78],"tags":[],"class_list":["post-127981","post","type-post","status-publish","format-standard","hentry","category-startseite","category-politik","category-topthema"],"_links":{"self":[{"href":"https:\/\/www.fuldaernachrichten.de\/index.php?rest_route=\/wp\/v2\/posts\/127981","targetHints":{"allow":["GET"]}}],"collection":[{"href":"https:\/\/www.fuldaernachrichten.de\/index.php?rest_route=\/wp\/v2\/posts"}],"about":[{"href":"https:\/\/www.fuldaernachrichten.de\/index.php?rest_route=\/wp\/v2\/types\/post"}],"author":[{"embeddable":true,"href":"https:\/\/www.fuldaernachrichten.de\/index.php?rest_route=\/wp\/v2\/users\/1"}],"replies":[{"embeddable":true,"href":"https:\/\/www.fuldaernachrichten.de\/index.php?rest_route=%2Fwp%2Fv2%2Fcomments&post=127981"}],"version-history":[{"count":1,"href":"https:\/\/www.fuldaernachrichten.de\/index.php?rest_route=\/wp\/v2\/posts\/127981\/revisions"}],"predecessor-version":[{"id":127983,"href":"https:\/\/www.fuldaernachrichten.de\/index.php?rest_route=\/wp\/v2\/posts\/127981\/revisions\/127983"}],"wp:attachment":[{"href":"https:\/\/www.fuldaernachrichten.de\/index.php?rest_route=%2Fwp%2Fv2%2Fmedia&parent=127981"}],"wp:term":[{"taxonomy":"category","embeddable":true,"href":"https:\/\/www.fuldaernachrichten.de\/index.php?rest_route=%2Fwp%2Fv2%2Fcategories&post=127981"},{"taxonomy":"post_tag","embeddable":true,"href":"https:\/\/www.fuldaernachrichten.de\/index.php?rest_route=%2Fwp%2Fv2%2Ftags&post=127981"}],"curies":[{"name":"wp","href":"https:\/\/api.w.org\/{rel}","templated":true}]}}