{"id":127900,"date":"2014-08-01T08:20:27","date_gmt":"2014-08-01T08:20:27","guid":{"rendered":"http:\/\/www.fuldaer-nachrichten.de\/?p=127900"},"modified":"2014-08-01T08:20:27","modified_gmt":"2014-08-01T08:20:27","slug":"noch-studienplaetze-frei","status":"publish","type":"post","link":"https:\/\/www.fuldaernachrichten.de\/?p=127900","title":{"rendered":"Noch Studienpl\u00e4tze frei"},"content":{"rendered":"<p>Fulda. An der Hochschule Fulda sind in einigen Bachelor- und Masterstudieng\u00e4ngen noch Pl\u00e4tze frei. Details dazu sind tagesaktuell unter <a href=\"http:\/\/www.hs-fulda.de\/bewerbung\" target=\"_blank\">www.hs-fulda.de\/bewerbung<\/a> einsehbar. Sp\u00e4tentschlossene k\u00f6nnen sich hier direkt online bewerben oder sich mit dem Studienb\u00fcro in Verbindung setzen: studienbewerbung@hs-fulda.de.<\/p>\n","protected":false},"excerpt":{"rendered":"<div class=\"tmnf_excerpt\"><p>Fulda. An der Hochschule Fulda sind in einigen Bachelor- und Masterstudieng\u00e4ngen noch Pl\u00e4tze frei. Details dazu sind tagesaktuell unter www.hs-fulda.de\/bewerbung einsehbar. Sp\u00e4tentschlossene k\u00f6nnen sich hier direkt online bewerben oder sich mit dem Studienb\u00fcro in Verbindung setzen: studienbewerbung@hs-fulda.de.<\/p>\n<\/div>","protected":false},"author":1,"featured_media":0,"comment_status":"closed","ping_status":"closed","sticky":false,"template":"","format":"standard","meta":{"footnotes":""},"categories":[1,48],"tags":[],"class_list":["post-127900","post","type-post","status-publish","format-standard","hentry","category-startseite","category-forschung"],"_links":{"self":[{"href":"https:\/\/www.fuldaernachrichten.de\/index.php?rest_route=\/wp\/v2\/posts\/127900","targetHints":{"allow":["GET"]}}],"collection":[{"href":"https:\/\/www.fuldaernachrichten.de\/index.php?rest_route=\/wp\/v2\/posts"}],"about":[{"href":"https:\/\/www.fuldaernachrichten.de\/index.php?rest_route=\/wp\/v2\/types\/post"}],"author":[{"embeddable":true,"href":"https:\/\/www.fuldaernachrichten.de\/index.php?rest_route=\/wp\/v2\/users\/1"}],"replies":[{"embeddable":true,"href":"https:\/\/www.fuldaernachrichten.de\/index.php?rest_route=%2Fwp%2Fv2%2Fcomments&post=127900"}],"version-history":[{"count":1,"href":"https:\/\/www.fuldaernachrichten.de\/index.php?rest_route=\/wp\/v2\/posts\/127900\/revisions"}],"predecessor-version":[{"id":127901,"href":"https:\/\/www.fuldaernachrichten.de\/index.php?rest_route=\/wp\/v2\/posts\/127900\/revisions\/127901"}],"wp:attachment":[{"href":"https:\/\/www.fuldaernachrichten.de\/index.php?rest_route=%2Fwp%2Fv2%2Fmedia&parent=127900"}],"wp:term":[{"taxonomy":"category","embeddable":true,"href":"https:\/\/www.fuldaernachrichten.de\/index.php?rest_route=%2Fwp%2Fv2%2Fcategories&post=127900"},{"taxonomy":"post_tag","embeddable":true,"href":"https:\/\/www.fuldaernachrichten.de\/index.php?rest_route=%2Fwp%2Fv2%2Ftags&post=127900"}],"curies":[{"name":"wp","href":"https:\/\/api.w.org\/{rel}","templated":true}]}}